{"id":3508,"date":"2015-10-28T09:36:14","date_gmt":"2015-10-28T09:36:14","guid":{"rendered":"http:\/\/blogs.hoy.es\/senderosextremadura\/?p=3508"},"modified":"2015-10-28T09:36:14","modified_gmt":"2015-10-28T09:36:14","slug":"tercera-subida-a-la-sierra-de-quintana-de-la-serena-15-de-noviembre","status":"publish","type":"post","link":"https:\/\/blogs.hoy.es\/senderosextremadura\/2015\/10\/28\/tercera-subida-a-la-sierra-de-quintana-de-la-serena-15-de-noviembre\/","title":{"rendered":"Tercera subida a la Sierra de Quintana de la Serena (15 de noviembre)"},"content":{"rendered":"<p><a href=\"https:\/\/blogs.hoy.es\/senderosextremadura\/2015\/10\/28\/tercera-subida-a-la-sierra-de-quintana-de-la-serena-15-de-noviembre\/ruta-quintana-600x649\/\" rel=\"attachment wp-att-3510\"><img loading=\"lazy\" class=\"aligncenter  wp-image-3510\" title=\"\" src=\"\/senderosextremadura\/wp-content\/uploads\/sites\/22\/2015\/10\/ruta-quintana.jpg\" alt=\"\" width=\"494\" height=\"534\" \/><\/a><\/p>\n<p><strong>Quintana de la Serena<\/strong> celebrar\u00e1 el domingo 15 de noviembre la<strong> tercera ruta para subir a su sierra<\/strong>. El grupo senderista local ha programado dos recorridos: uno principal de 14 kil\u00f3metros y otro alternativo, de 10. Durante el ascenso se podr\u00e1 compropar el contraste del paisaje de la llanura de campi\u00f1a con la vegetaci\u00f3n de matorral y pino de la sierra. La salida hacia la sierra tendr\u00e1 lugar a las 9 de la ma\u00f1ana desde el restaurante Las Tinajas. <!--more-->Al terminar la marcha los senderistas degustar\u00e1n una comida en este mismo restaurante. En la organizaci\u00f3n colabora el Ayuntamiento de Quintana.<\/p>\n<!-- AddThis Advanced Settings generic via filter on the_content --><!-- AddThis Share Buttons generic via filter on the_content -->","protected":false},"excerpt":{"rendered":"<p>Quintana de la Serena celebrar\u00e1 el domingo 15 de noviembre la tercera ruta para subir a su sierra. El grupo senderista local ha programado dos recorridos: uno principal de 14 kil\u00f3metros y otro alternativo, de 10. Durante el ascenso se podr\u00e1 compropar el contraste del paisaje de la llanura de campi\u00f1a con la vegetaci\u00f3n de [&hellip;]<!-- AddThis Advanced Settings generic via filter on get_the_excerpt --><!-- AddThis Share Buttons generic via filter on get_the_excerpt --><\/p>\n","protected":false},"author":27,"featured_media":0,"comment_status":"open","ping_status":"closed","sticky":false,"template":"","format":"standard","meta":[],"categories":[3],"tags":[671,847,850,906,1035],"_links":{"self":[{"href":"https:\/\/blogs.hoy.es\/senderosextremadura\/wp-json\/wp\/v2\/posts\/3508"}],"collection":[{"href":"https:\/\/blogs.hoy.es\/senderosextremadura\/wp-json\/wp\/v2\/posts"}],"about":[{"href":"https:\/\/blogs.hoy.es\/senderosextremadura\/wp-json\/wp\/v2\/types\/post"}],"author":[{"embeddable":true,"href":"https:\/\/blogs.hoy.es\/senderosextremadura\/wp-json\/wp\/v2\/users\/27"}],"replies":[{"embeddable":true,"href":"https:\/\/blogs.hoy.es\/senderosextremadura\/wp-json\/wp\/v2\/comments?post=3508"}],"version-history":[{"count":0,"href":"https:\/\/blogs.hoy.es\/senderosextremadura\/wp-json\/wp\/v2\/posts\/3508\/revisions"}],"wp:attachment":[{"href":"https:\/\/blogs.hoy.es\/senderosextremadura\/wp-json\/wp\/v2\/media?parent=3508"}],"wp:term":[{"taxonomy":"category","embeddable":true,"href":"https:\/\/blogs.hoy.es\/senderosextremadura\/wp-json\/wp\/v2\/categories?post=3508"},{"taxonomy":"post_tag","embeddable":true,"href":"https:\/\/blogs.hoy.es\/senderosextremadura\/wp-json\/wp\/v2\/tags?post=3508"}],"curies":[{"name":"wp","href":"https:\/\/api.w.org\/{rel}","templated":true}]}}