{"id":351,"date":"2012-04-10T15:43:40","date_gmt":"2012-04-10T15:43:40","guid":{"rendered":"http:\/\/blogs.hoy.es\/senderosextremadura\/?p=351"},"modified":"2012-04-10T15:43:40","modified_gmt":"2012-04-10T15:43:40","slug":"sube-a-las-cascadas-de-las-nogaledas-15-de-abril","status":"publish","type":"post","link":"https:\/\/blogs.hoy.es\/senderosextremadura\/2012\/04\/10\/sube-a-las-cascadas-de-las-nogaledas-15-de-abril\/","title":{"rendered":"Sube a las cascadas de Las Nogaledas (15 de abril)"},"content":{"rendered":"<h2><strong><a href=\"\/senderosextremadura\/wp-content\/uploads\/sites\/22\/2012\/04\/nogaledas.jpg\"><img loading=\"lazy\" class=\"alignleft size-full wp-image-352\" title=\"nogaledas\" src=\"\/senderosextremadura\/wp-content\/uploads\/sites\/22\/2012\/04\/nogaledas.jpg\" alt=\"\" width=\"442\" height=\"614\" \/><\/a>Explorer<\/strong> ha organizado una ruta senderista por el <strong>Valle del Jerte<\/strong> para el pr\u00f3ximo <strong>15 de abril<\/strong>. Una de las comarcas m\u00e1s visitadas por extreme\u00f1os y for\u00e1neos durante la primavera, no atra\u00eddos solo por la floraci\u00f3n de sus cerezos. Los caminantes podr\u00e1n disfrutar en esta ocasi\u00f3n de uno de los enclaves naturales m\u00e1s espectaculares del valle por su riqueza vegetal y las magn\u00edficas cascadas de agua de &#8216;Las Nogaledas&#8217;. Un camino que discurre entre nogales y chorreras de agua clara, y desde el que se observan unas espl\u00e9ndidas vistas de todo el valle para emprender despu\u00e9s el descenso entre cerezos. La ruta tiene un recorrido de unos 14 kil\u00f3metros en un trayecto de dificultad es media. La salida en autob\u00fas desde Badajoz ser\u00e1 a las ocho de la ma\u00f1ana y el regreso est\u00e1 programado para las cinco de la tarde. El precio, que incluye traslados, gu\u00edas y seguro, es de 18 euros.<\/h2>\n<p>&nbsp;<\/p>\n<p><a href=\"http:\/\/www.hoy.es\/multimedia\/fotos\/ultimos\/94868-ruta-nogaledas-paraiso-valle-jerte-0.html\" rel=\"external nofollow\"><strong>VER GALER\u00cdA DE FOTOS DE LA RUTA<\/strong><\/a><\/p>\n<h2><\/h2>\n<!-- AddThis Advanced Settings generic via filter on the_content --><!-- AddThis Share Buttons generic via filter on the_content -->","protected":false},"excerpt":{"rendered":"<p>Explorer ha organizado una ruta senderista por el Valle del Jerte para el pr\u00f3ximo 15 de abril. Una de las comarcas m\u00e1s visitadas por extreme\u00f1os y for\u00e1neos durante la primavera, no atra\u00eddos solo por la floraci\u00f3n de sus cerezos. Los caminantes podr\u00e1n disfrutar en esta ocasi\u00f3n de uno de los enclaves naturales m\u00e1s espectaculares del [&hellip;]<!-- AddThis Advanced Settings generic via filter on get_the_excerpt --><!-- AddThis Share Buttons generic via filter on get_the_excerpt --><\/p>\n","protected":false},"author":27,"featured_media":0,"comment_status":"open","ping_status":"closed","sticky":false,"template":"","format":"standard","meta":[],"categories":[4],"tags":[],"_links":{"self":[{"href":"https:\/\/blogs.hoy.es\/senderosextremadura\/wp-json\/wp\/v2\/posts\/351"}],"collection":[{"href":"https:\/\/blogs.hoy.es\/senderosextremadura\/wp-json\/wp\/v2\/posts"}],"about":[{"href":"https:\/\/blogs.hoy.es\/senderosextremadura\/wp-json\/wp\/v2\/types\/post"}],"author":[{"embeddable":true,"href":"https:\/\/blogs.hoy.es\/senderosextremadura\/wp-json\/wp\/v2\/users\/27"}],"replies":[{"embeddable":true,"href":"https:\/\/blogs.hoy.es\/senderosextremadura\/wp-json\/wp\/v2\/comments?post=351"}],"version-history":[{"count":0,"href":"https:\/\/blogs.hoy.es\/senderosextremadura\/wp-json\/wp\/v2\/posts\/351\/revisions"}],"wp:attachment":[{"href":"https:\/\/blogs.hoy.es\/senderosextremadura\/wp-json\/wp\/v2\/media?parent=351"}],"wp:term":[{"taxonomy":"category","embeddable":true,"href":"https:\/\/blogs.hoy.es\/senderosextremadura\/wp-json\/wp\/v2\/categories?post=351"},{"taxonomy":"post_tag","embeddable":true,"href":"https:\/\/blogs.hoy.es\/senderosextremadura\/wp-json\/wp\/v2\/tags?post=351"}],"curies":[{"name":"wp","href":"https:\/\/api.w.org\/{rel}","templated":true}]}}