{"id":3511,"date":"2015-10-29T10:36:38","date_gmt":"2015-10-29T10:36:38","guid":{"rendered":"http:\/\/blogs.hoy.es\/senderosextremadura\/?p=3511"},"modified":"2015-10-29T10:36:38","modified_gmt":"2015-10-29T10:36:38","slug":"una-ruta-por-la-sierra-de-gata-arrancara-de-trevejo-1-de-noviembre","status":"publish","type":"post","link":"https:\/\/blogs.hoy.es\/senderosextremadura\/2015\/10\/29\/una-ruta-por-la-sierra-de-gata-arrancara-de-trevejo-1-de-noviembre\/","title":{"rendered":"Ruta circular por Trevejo (1 de noviembre)"},"content":{"rendered":"<p><a href=\"https:\/\/blogs.hoy.es\/senderosextremadura\/\"><img loading=\"lazy\" class=\"aligncenter size-large wp-image-3514\" title=\"\" src=\"\/senderosextremadura\/wp-content\/uploads\/sites\/22\/2015\/10\/0471_trevejo.jpg\" alt=\"\" width=\"600\" height=\"387\" srcset=\"https:\/\/static-blogs.hoy.es\/wp-content\/uploads\/sites\/22\/2015\/10\/0471_trevejo.jpg 2000w, https:\/\/static-blogs.hoy.es\/wp-content\/uploads\/sites\/22\/2015\/10\/0471_trevejo-300x194.jpg 300w, https:\/\/static-blogs.hoy.es\/wp-content\/uploads\/sites\/22\/2015\/10\/0471_trevejo-768x497.jpg 768w, https:\/\/static-blogs.hoy.es\/wp-content\/uploads\/sites\/22\/2015\/10\/0471_trevejo-600x388.jpg 600w\" sizes=\"(max-width: 600px) 100vw, 600px\" \/><\/a><\/p>\n<p>Este pr\u00f3ximo domingo 1 de noviembre se celebrar\u00e1 una ruta senderista que discurrir\u00e1 entre bosques de robles y casta\u00f1os de la Sierra de Gata. Unas cien personas se han inscrito ya para participar en esta marcha que partir\u00e1 a las once de la ma\u00f1ana de la peque\u00f1a y encantadora localidad de Trevejo.<\/p>\n<p><!--more--><\/p>\n<p>El castillo de Trevejo y su aldea medieval son uno de los siete Conjuntos hist\u00f3rico-art\u00edsticos de la comarca. Sus primeras piedras se levantaron en el siglo XV sobre una antigua fortaleza musulmana, anterior al siglo XII. Desde entonces el castillo trevejano ha pasado de manos \u00e1rabes a manos cristianas y, al menos, tres \u00f3rdenes militares diferentes se sucedieron en su encomienda. Cuenta la leyenda que las tumbas antropom\u00f3rficas que se conservan a los pies del castillo guardaron los restos de monjes militares. Los franceses intentaron sin \u00e9xito acabar con su soberan\u00eda en el siglo XIX y sus vestigios recuerdan hoy la imposibilidad de luchar contra su grandeza.<\/p>\n<p>La ruta es circular e ideal para toda la familia, por la c\u00f3moda distancia de su recorrido y su escaso desnivel. Adem\u00e1s, al placer de caminar unimos el lujo del saber.\u00a0\u00a0El paseo de siete kil\u00f3metros y una duraci\u00f3n aproximada de tres horas parte de la aldea medieval y sube hasta la loma desde donde vigila el paisaje el gran castillo. En este punto, los gu\u00edas instalar\u00e1n unas \u00f3pticas para la contemplaci\u00f3n de los tesoros que esconde este inmenso paisaje, y tambi\u00e9n aqu\u00ed los senderistas conocer\u00e1n la historia de la legendaria fortaleza, antes de continuar su camino por la calzada empedrada que enlaza Trevejo y Villamiel y serpentea entre robles y casta\u00f1os y robustos muros de piedra seca.<\/p>\n<p>Una cita para disfrutar del oto\u00f1o con toda la familia en Sierra de Gata y caminar por los\u00a0\u00a0picos de Las Tres Rayas, Teso Carranco y la Parrera.<\/p>\n<p>Inscripci\u00f3n 10\u20ac, incluye seguro de responsabilidad civil y de accidentes, sorteo de regalos y una gran paellada.<br \/>\nLa salida es a las 11.ooh pero se cita a las 9 para inscripciones y organizaci\u00f3n.<\/p>\n<p>Tel\u00e9fono de reservas: 679 42 52 62<\/p>\n<p>Forma parte de las actividades de la campa\u00f1a \u2018<a href=\"http:\/\/xn--elotoo-0wa.com\/\" rel=\"external nofollow\">El Oto\u00f1o en Sierra de Gata<\/a>\u2019 se recogen en la p\u00e1gina web eloto\u00f1o.com y cuenta con perfiles en Facebook (Sierra de Gata es eloto\u00f1o.com); Twitter (<a href=\"https:\/\/twitter.com\/sierragataotono\" target=\"_blank\" rel=\"external nofollow\">@SierraGataOtono<\/a>) e Instagram (Sierra_Gata_Otono) a trav\u00e9s de las que se da difusi\u00f3n al evento y se anima a compartirlo y participar utilizando los hastaghs\u00a0#SierradeGata\u00a0#SdGata y#\u00c9chateaso\u00f1ar.<\/p>\n<p>Para el s\u00e1bado se han programado otras dos rutas.\u00a0Por la ma\u00f1ana en Descargamar\u00eda y por la tarde en el embalse de El Borboll\u00f3n.<\/p>\n<!-- AddThis Advanced Settings generic via filter on the_content --><!-- AddThis Share Buttons generic via filter on the_content -->","protected":false},"excerpt":{"rendered":"<p>Este pr\u00f3ximo domingo 1 de noviembre se celebrar\u00e1 una ruta senderista que discurrir\u00e1 entre bosques de robles y casta\u00f1os de la Sierra de Gata. Unas cien personas se han inscrito ya para participar en esta marcha que partir\u00e1 a las once de la ma\u00f1ana de la peque\u00f1a y encantadora localidad de Trevejo.<!-- AddThis Advanced Settings generic via filter on get_the_excerpt --><!-- AddThis Share Buttons generic via filter on get_the_excerpt --><\/p>\n","protected":false},"author":27,"featured_media":0,"comment_status":"open","ping_status":"closed","sticky":false,"template":"","format":"standard","meta":[],"categories":[3],"tags":[301,852,868,921,944,977,1035],"_links":{"self":[{"href":"https:\/\/blogs.hoy.es\/senderosextremadura\/wp-json\/wp\/v2\/posts\/3511"}],"collection":[{"href":"https:\/\/blogs.hoy.es\/senderosextremadura\/wp-json\/wp\/v2\/posts"}],"about":[{"href":"https:\/\/blogs.hoy.es\/senderosextremadura\/wp-json\/wp\/v2\/types\/post"}],"author":[{"embeddable":true,"href":"https:\/\/blogs.hoy.es\/senderosextremadura\/wp-json\/wp\/v2\/users\/27"}],"replies":[{"embeddable":true,"href":"https:\/\/blogs.hoy.es\/senderosextremadura\/wp-json\/wp\/v2\/comments?post=3511"}],"version-history":[{"count":0,"href":"https:\/\/blogs.hoy.es\/senderosextremadura\/wp-json\/wp\/v2\/posts\/3511\/revisions"}],"wp:attachment":[{"href":"https:\/\/blogs.hoy.es\/senderosextremadura\/wp-json\/wp\/v2\/media?parent=3511"}],"wp:term":[{"taxonomy":"category","embeddable":true,"href":"https:\/\/blogs.hoy.es\/senderosextremadura\/wp-json\/wp\/v2\/categories?post=3511"},{"taxonomy":"post_tag","embeddable":true,"href":"https:\/\/blogs.hoy.es\/senderosextremadura\/wp-json\/wp\/v2\/tags?post=3511"}],"curies":[{"name":"wp","href":"https:\/\/api.w.org\/{rel}","templated":true}]}}