{"id":3515,"date":"2015-10-31T11:04:11","date_gmt":"2015-10-31T11:04:11","guid":{"rendered":"http:\/\/blogs.hoy.es\/senderosextremadura\/?p=3515"},"modified":"2015-10-31T11:04:11","modified_gmt":"2015-10-31T11:04:11","slug":"camino-de-la-plata-no-organizara-la-marcha-por-cornalvo","status":"publish","type":"post","link":"https:\/\/blogs.hoy.es\/senderosextremadura\/2015\/10\/31\/camino-de-la-plata-no-organizara-la-marcha-por-cornalvo\/","title":{"rendered":"Camino de la Plata no organizar\u00e1 la Marcha de Cornalvo por falta de apoyo"},"content":{"rendered":"<p><a href=\"https:\/\/blogs.hoy.es\/senderosextremadura\/\"><img loading=\"lazy\" class=\"aligncenter size-full wp-image-3517\" title=\"\" src=\"\/senderosextremadura\/wp-content\/uploads\/sites\/22\/2015\/10\/cornal.jpg\" alt=\"\" width=\"575\" height=\"323\" srcset=\"https:\/\/static-blogs.hoy.es\/wp-content\/uploads\/sites\/22\/2015\/10\/cornal.jpg 575w, https:\/\/static-blogs.hoy.es\/wp-content\/uploads\/sites\/22\/2015\/10\/cornal-300x169.jpg 300w\" sizes=\"(max-width: 575px) 100vw, 575px\" \/><\/a><\/p>\n<p>El <a href=\"http:\/\/www.caminoplata.com\/\" target=\"_blank\" rel=\"external nofollow\">Club Senderista Camino de la Plata<\/a> ha decidido <strong>no organizar la Marcha de Cornalvo<\/strong> que desde hace 15 a\u00f1os realizaba cada \u00faltimo domingo de noviembre. El motivo que alegan es la <strong>falta de apoyo institucional.<\/strong> <!--more-->&#8220;Esto nos obligaba, como alternativa, a solicitar a los participantes que sufragasen \u00edntegramente el coste de la prueba, y que para mantener el mismo nivel de ediciones anteriores hab\u00edamos estimado un precio demasiado elevado que podr\u00eda provocar un fracaso de participaci\u00f3n, lo cual ser\u00eda contraproducente para la imagen de este club. Sabemos que esta decisi\u00f3n supondr\u00e1 una gran decepci\u00f3n para algunos de vosotros, asiduos participantes, desde luego para nosotros lo ha sido, no en vano son ya XVII las ediciones realizadas y \u00e9ste ser\u00e1 el primer a\u00f1o, desde el nacimiento de nuestra asociaci\u00f3n, que la marcha no tendr\u00e1 lugar, a\u00fan as\u00ed, hemos preferido no realizarla a hacerlo sin las garant\u00edas necesarias como para que resulte un \u00e9xito tanto de convocatoria como de organizaci\u00f3n, igual que en las ediciones pasadas&#8221;.<\/p>\n<p>El club espera que en los pr\u00f3ximos a\u00f1os pueda retomar la organizaci\u00f3n de la marcha, \u00a0con o sin apoyo de las instituciones p\u00fablicas.<\/p>\n<p>&nbsp;<\/p>\n<!-- AddThis Advanced Settings generic via filter on the_content --><!-- AddThis Share Buttons generic via filter on the_content -->","protected":false},"excerpt":{"rendered":"<p>El Club Senderista Camino de la Plata ha decidido no organizar la Marcha de Cornalvo que desde hace 15 a\u00f1os realizaba cada \u00faltimo domingo de noviembre. El motivo que alegan es la falta de apoyo institucional.<!-- AddThis Advanced Settings generic via filter on get_the_excerpt --><!-- AddThis Share Buttons generic via filter on get_the_excerpt --><\/p>\n","protected":false},"author":27,"featured_media":0,"comment_status":"open","ping_status":"closed","sticky":false,"template":"","format":"standard","meta":[],"categories":[3],"tags":[240,603,817,826,917,944,1035],"_links":{"self":[{"href":"https:\/\/blogs.hoy.es\/senderosextremadura\/wp-json\/wp\/v2\/posts\/3515"}],"collection":[{"href":"https:\/\/blogs.hoy.es\/senderosextremadura\/wp-json\/wp\/v2\/posts"}],"about":[{"href":"https:\/\/blogs.hoy.es\/senderosextremadura\/wp-json\/wp\/v2\/types\/post"}],"author":[{"embeddable":true,"href":"https:\/\/blogs.hoy.es\/senderosextremadura\/wp-json\/wp\/v2\/users\/27"}],"replies":[{"embeddable":true,"href":"https:\/\/blogs.hoy.es\/senderosextremadura\/wp-json\/wp\/v2\/comments?post=3515"}],"version-history":[{"count":0,"href":"https:\/\/blogs.hoy.es\/senderosextremadura\/wp-json\/wp\/v2\/posts\/3515\/revisions"}],"wp:attachment":[{"href":"https:\/\/blogs.hoy.es\/senderosextremadura\/wp-json\/wp\/v2\/media?parent=3515"}],"wp:term":[{"taxonomy":"category","embeddable":true,"href":"https:\/\/blogs.hoy.es\/senderosextremadura\/wp-json\/wp\/v2\/categories?post=3515"},{"taxonomy":"post_tag","embeddable":true,"href":"https:\/\/blogs.hoy.es\/senderosextremadura\/wp-json\/wp\/v2\/tags?post=3515"}],"curies":[{"name":"wp","href":"https:\/\/api.w.org\/{rel}","templated":true}]}}