{"id":3527,"date":"2015-11-17T09:40:15","date_gmt":"2015-11-17T09:40:15","guid":{"rendered":"http:\/\/blogs.hoy.es\/senderosextremadura\/?p=3527"},"modified":"2015-11-17T09:40:15","modified_gmt":"2015-11-17T09:40:15","slug":"ruta-entre-alia-y-guadalupe-22-de-noviembre","status":"publish","type":"post","link":"https:\/\/blogs.hoy.es\/senderosextremadura\/2015\/11\/17\/ruta-entre-alia-y-guadalupe-22-de-noviembre\/","title":{"rendered":"Ruta entre Al\u00eda y Guadalupe (22 de noviembre)"},"content":{"rendered":"<p><a href=\"https:\/\/blogs.hoy.es\/senderosextremadura\/\"><img loading=\"lazy\" class=\"aligncenter size-full wp-image-3529\" title=\"\" src=\"\/senderosextremadura\/wp-content\/uploads\/sites\/22\/2015\/11\/ruta-catolica.jpg\" alt=\"\" width=\"600\" height=\"450\" \/><\/a><\/p>\n<p>Zona Viaje ha programado una ruta por el Geoparque Villuercas-Ibores-Jara. La marcha senderista tendr\u00e1 lugar el pr\u00f3ximo domingo 22 de noviembre y discurrir\u00e1 entre las localidades de Al\u00eda y Guadalupe. El recorrido es de 19,6 kil\u00f3metros y dificultad media.<!--more-->El autob\u00fas que llevar\u00e1 a los senderistas saldr\u00e1 a las\u00a08 de la ma\u00f1ana de Badajoz (Parking de la Iglesia de San Jos\u00e9), a las \u00a08. 45 de \u00a0M\u00e9rida (\u00c1rea de Servicio Abades) y a las 9.45 del Hotel Cortijo de Santa Cruz (N430-Km 113,6). El precio de la actividad es de 20 euros e incluye traslados, gu\u00edas titulados y seguros. La inscripci\u00f3n puede realizarse hasta el jueves 18 a <a href=\"http:\/\/www.reunalia.com\/v03\/inscripciones\/inscripcion_paso2.aspx?Evento=B6C58368041AC8A4&#038;Plaza=9474&#038;PlazaTarifa=92496&#038;if=&#038;c=\" target=\"_blank\" rel=\"external nofollow\">trav\u00e9s de este link.<\/a><\/p>\n<p>&nbsp;<\/p>\n<p>&nbsp;<\/p>\n<!-- AddThis Advanced Settings generic via filter on the_content --><!-- AddThis Share Buttons generic via filter on the_content -->","protected":false},"excerpt":{"rendered":"<p>Zona Viaje ha programado una ruta por el Geoparque Villuercas-Ibores-Jara. La marcha senderista tendr\u00e1 lugar el pr\u00f3ximo domingo 22 de noviembre y discurrir\u00e1 entre las localidades de Al\u00eda y Guadalupe. El recorrido es de 19,6 kil\u00f3metros y dificultad media.<!-- AddThis Advanced Settings generic via filter on get_the_excerpt --><!-- AddThis Share Buttons generic via filter on get_the_excerpt --><\/p>\n","protected":false},"author":27,"featured_media":0,"comment_status":"open","ping_status":"closed","sticky":false,"template":"","format":"standard","meta":[],"categories":[3],"tags":[858,873,917],"_links":{"self":[{"href":"https:\/\/blogs.hoy.es\/senderosextremadura\/wp-json\/wp\/v2\/posts\/3527"}],"collection":[{"href":"https:\/\/blogs.hoy.es\/senderosextremadura\/wp-json\/wp\/v2\/posts"}],"about":[{"href":"https:\/\/blogs.hoy.es\/senderosextremadura\/wp-json\/wp\/v2\/types\/post"}],"author":[{"embeddable":true,"href":"https:\/\/blogs.hoy.es\/senderosextremadura\/wp-json\/wp\/v2\/users\/27"}],"replies":[{"embeddable":true,"href":"https:\/\/blogs.hoy.es\/senderosextremadura\/wp-json\/wp\/v2\/comments?post=3527"}],"version-history":[{"count":0,"href":"https:\/\/blogs.hoy.es\/senderosextremadura\/wp-json\/wp\/v2\/posts\/3527\/revisions"}],"wp:attachment":[{"href":"https:\/\/blogs.hoy.es\/senderosextremadura\/wp-json\/wp\/v2\/media?parent=3527"}],"wp:term":[{"taxonomy":"category","embeddable":true,"href":"https:\/\/blogs.hoy.es\/senderosextremadura\/wp-json\/wp\/v2\/categories?post=3527"},{"taxonomy":"post_tag","embeddable":true,"href":"https:\/\/blogs.hoy.es\/senderosextremadura\/wp-json\/wp\/v2\/tags?post=3527"}],"curies":[{"name":"wp","href":"https:\/\/api.w.org\/{rel}","templated":true}]}}