{"id":3530,"date":"2015-11-17T09:51:16","date_gmt":"2015-11-17T09:51:16","guid":{"rendered":"http:\/\/blogs.hoy.es\/senderosextremadura\/?p=3530"},"modified":"2015-11-17T09:51:16","modified_gmt":"2015-11-17T09:51:16","slug":"60-senderistas-recorren-el-antiguo-camino-de-yuste","status":"publish","type":"post","link":"https:\/\/blogs.hoy.es\/senderosextremadura\/2015\/11\/17\/60-senderistas-recorren-el-antiguo-camino-de-yuste\/","title":{"rendered":"60 senderistas recorren el antiguo camino de Yuste"},"content":{"rendered":"<p><a href=\"https:\/\/blogs.hoy.es\/senderosextremadura\/\"><img loading=\"lazy\" class=\"aligncenter size-full wp-image-3531\" title=\"\" src=\"\/senderosextremadura\/wp-content\/uploads\/sites\/22\/2015\/11\/senderistas.jpg\" alt=\"\" width=\"575\" height=\"431\" srcset=\"https:\/\/static-blogs.hoy.es\/wp-content\/uploads\/sites\/22\/2015\/11\/senderistas.jpg 575w, https:\/\/static-blogs.hoy.es\/wp-content\/uploads\/sites\/22\/2015\/11\/senderistas-300x225.jpg 300w\" sizes=\"(max-width: 575px) 100vw, 575px\" \/><\/a><\/p>\n<p>Despu\u00e9s del par\u00f3n veraniego, y con las ganas de volver a retomar la temporada senderista 2015, el Ayuntamiento de Coria llev\u00f3 a cabo el pasado domingo la ruta &#8216;Antiguo Camino de Yuste&#8217;. Una marcha enclavada en la comarca de La Vera donde los paisajes de robles y casta\u00f1os presentaban un marcado color oto\u00f1al, pero con temperaturas primaverales. En esta primera ruta de la temporada se dieron cita 60 senderistas procedentes de Puebla de Argeme y Coria.<\/p>\n<p>Informa: Eladio Paniagua.<\/p>\n<!-- AddThis Advanced Settings generic via filter on the_content --><!-- AddThis Share Buttons generic via filter on the_content -->","protected":false},"excerpt":{"rendered":"<p>Despu\u00e9s del par\u00f3n veraniego, y con las ganas de volver a retomar la temporada senderista 2015, el Ayuntamiento de Coria llev\u00f3 a cabo el pasado domingo la ruta &#8216;Antiguo Camino de Yuste&#8217;. Una marcha enclavada en la comarca de La Vera donde los paisajes de robles y casta\u00f1os presentaban un marcado color oto\u00f1al, pero con [&hellip;]<!-- AddThis Advanced Settings generic via filter on get_the_excerpt --><!-- AddThis Share Buttons generic via filter on get_the_excerpt --><\/p>\n","protected":false},"author":27,"featured_media":0,"comment_status":"open","ping_status":"closed","sticky":false,"template":"","format":"standard","meta":[],"categories":[3],"tags":[821,917,1111],"_links":{"self":[{"href":"https:\/\/blogs.hoy.es\/senderosextremadura\/wp-json\/wp\/v2\/posts\/3530"}],"collection":[{"href":"https:\/\/blogs.hoy.es\/senderosextremadura\/wp-json\/wp\/v2\/posts"}],"about":[{"href":"https:\/\/blogs.hoy.es\/senderosextremadura\/wp-json\/wp\/v2\/types\/post"}],"author":[{"embeddable":true,"href":"https:\/\/blogs.hoy.es\/senderosextremadura\/wp-json\/wp\/v2\/users\/27"}],"replies":[{"embeddable":true,"href":"https:\/\/blogs.hoy.es\/senderosextremadura\/wp-json\/wp\/v2\/comments?post=3530"}],"version-history":[{"count":0,"href":"https:\/\/blogs.hoy.es\/senderosextremadura\/wp-json\/wp\/v2\/posts\/3530\/revisions"}],"wp:attachment":[{"href":"https:\/\/blogs.hoy.es\/senderosextremadura\/wp-json\/wp\/v2\/media?parent=3530"}],"wp:term":[{"taxonomy":"category","embeddable":true,"href":"https:\/\/blogs.hoy.es\/senderosextremadura\/wp-json\/wp\/v2\/categories?post=3530"},{"taxonomy":"post_tag","embeddable":true,"href":"https:\/\/blogs.hoy.es\/senderosextremadura\/wp-json\/wp\/v2\/tags?post=3530"}],"curies":[{"name":"wp","href":"https:\/\/api.w.org\/{rel}","templated":true}]}}