{"id":3533,"date":"2015-11-23T19:05:22","date_gmt":"2015-11-23T19:05:22","guid":{"rendered":"http:\/\/blogs.hoy.es\/senderosextremadura\/?p=3533"},"modified":"2015-11-23T19:05:22","modified_gmt":"2015-11-23T19:05:22","slug":"21-kilometros-entre-los-bosques-magicos-del-valle-del-ambroz","status":"publish","type":"post","link":"https:\/\/blogs.hoy.es\/senderosextremadura\/2015\/11\/23\/21-kilometros-entre-los-bosques-magicos-del-valle-del-ambroz\/","title":{"rendered":"21 kil\u00f3metros entre los bosques m\u00e1gicos del Valle del Ambroz"},"content":{"rendered":"<div id=\"attachment_3534\" style=\"width: 610px\" class=\"wp-caption aligncenter\"><a href=\"https:\/\/blogs.hoy.es\/senderosextremadura\/\"><img aria-describedby=\"caption-attachment-3534\" loading=\"lazy\" class=\"size-large wp-image-3534\" title=\"\" src=\"\/senderosextremadura\/wp-content\/uploads\/sites\/22\/2015\/11\/senderistas_xoptimizadax.jpg\" alt=\"\" width=\"600\" height=\"400\" srcset=\"https:\/\/static-blogs.hoy.es\/wp-content\/uploads\/sites\/22\/2015\/11\/senderistas_xoptimizadax.jpg 1350w, https:\/\/static-blogs.hoy.es\/wp-content\/uploads\/sites\/22\/2015\/11\/senderistas_xoptimizadax-300x200.jpg 300w, https:\/\/static-blogs.hoy.es\/wp-content\/uploads\/sites\/22\/2015\/11\/senderistas_xoptimizadax-768x512.jpg 768w, https:\/\/static-blogs.hoy.es\/wp-content\/uploads\/sites\/22\/2015\/11\/senderistas_xoptimizadax-600x400.jpg 600w\" sizes=\"(max-width: 600px) 100vw, 600px\" \/><\/a><p id=\"caption-attachment-3534\" class=\"wp-caption-text\">Senderistas del club Vegas Bajas, en la marcha por el Valle del Ambroz<\/p><\/div>\n<p>Senderistas de toda la regi\u00f3n se trasladaron este fin de semana al Valle de Ambroz para participar en una ruta espectacular por la comarca. La marcha de 21 kil\u00f3metros se enmarcada en las actividades del &#8216;Oto\u00f1o M\u00e1gico&#8217;. Los caminantes, llegados desde toda la regi\u00f3n, disfrutaron de la belleza y encanto del valle, recorriendo sus bosques de robles, casta\u00f1os, encinas y alcornoques. La caminata discurri\u00f3 por las localidades de La Garganta, Herv\u00e1s, Gargantilla, para finalizar en Segura de Toro. Los clubes V\u00eda Verde de Villanueva de la Serena y Vegas Bajas fueron algunos de los grupos participantes. Algunos de sus senderistas disfrutaron \u00a0de los <a href=\"http:\/\/www.hoy.es\/prov-caceres\/201511\/23\/primeras-nieves-otono-extremeno-20151123174749.html\" target=\"_blank\" rel=\"external nofollow\">primeros copos de nieve de la temporada.\u00a0<\/a><!--more--><\/p>\n<p>Las pr\u00f3ximas actividades del Grupo Senderista Vegas Bajas ser\u00e1n las siguientes:<\/p>\n<p>D\u00eda 13 de diciembre -Ruta convivencia navide\u00f1a por Torremayor.<br \/>\nD\u00eda 23 de diciembre &#8211; Paseo navide\u00f1o solidario por Montijo.<br \/>\n27 de diciembre &#8211; Ruta los 12 ap\u00f3stoles, por la localidad de Salvaleon.<\/p>\n<!-- AddThis Advanced Settings generic via filter on the_content --><!-- AddThis Share Buttons generic via filter on the_content -->","protected":false},"excerpt":{"rendered":"<p>Senderistas de toda la regi\u00f3n se trasladaron este fin de semana al Valle de Ambroz para participar en una ruta espectacular por la comarca. La marcha de 21 kil\u00f3metros se enmarcada en las actividades del &#8216;Oto\u00f1o M\u00e1gico&#8217;. Los caminantes, llegados desde toda la regi\u00f3n, disfrutaron de la belleza y encanto del valle, recorriendo sus bosques [&hellip;]<!-- AddThis Advanced Settings generic via filter on get_the_excerpt --><!-- AddThis Share Buttons generic via filter on get_the_excerpt --><\/p>\n","protected":false},"author":27,"featured_media":0,"comment_status":"open","ping_status":"closed","sticky":false,"template":"","format":"standard","meta":[],"categories":[3],"tags":[821,828,842,906,911,951,1061],"_links":{"self":[{"href":"https:\/\/blogs.hoy.es\/senderosextremadura\/wp-json\/wp\/v2\/posts\/3533"}],"collection":[{"href":"https:\/\/blogs.hoy.es\/senderosextremadura\/wp-json\/wp\/v2\/posts"}],"about":[{"href":"https:\/\/blogs.hoy.es\/senderosextremadura\/wp-json\/wp\/v2\/types\/post"}],"author":[{"embeddable":true,"href":"https:\/\/blogs.hoy.es\/senderosextremadura\/wp-json\/wp\/v2\/users\/27"}],"replies":[{"embeddable":true,"href":"https:\/\/blogs.hoy.es\/senderosextremadura\/wp-json\/wp\/v2\/comments?post=3533"}],"version-history":[{"count":0,"href":"https:\/\/blogs.hoy.es\/senderosextremadura\/wp-json\/wp\/v2\/posts\/3533\/revisions"}],"wp:attachment":[{"href":"https:\/\/blogs.hoy.es\/senderosextremadura\/wp-json\/wp\/v2\/media?parent=3533"}],"wp:term":[{"taxonomy":"category","embeddable":true,"href":"https:\/\/blogs.hoy.es\/senderosextremadura\/wp-json\/wp\/v2\/categories?post=3533"},{"taxonomy":"post_tag","embeddable":true,"href":"https:\/\/blogs.hoy.es\/senderosextremadura\/wp-json\/wp\/v2\/tags?post=3533"}],"curies":[{"name":"wp","href":"https:\/\/api.w.org\/{rel}","templated":true}]}}