{"id":3536,"date":"2015-11-25T09:00:11","date_gmt":"2015-11-25T09:00:11","guid":{"rendered":"http:\/\/blogs.hoy.es\/senderosextremadura\/?p=3536"},"modified":"2015-11-25T09:00:11","modified_gmt":"2015-11-25T09:00:11","slug":"subida-al-puerto-de-los-maderos-en-el-puente-de-diciembre-6-de-diciembre","status":"publish","type":"post","link":"https:\/\/blogs.hoy.es\/senderosextremadura\/2015\/11\/25\/subida-al-puerto-de-los-maderos-en-el-puente-de-diciembre-6-de-diciembre\/","title":{"rendered":"Subida al Puerto de los Maderos en el puente de diciembre (6 de diciembre)"},"content":{"rendered":"<div id=\"attachment_3538\" style=\"width: 478px\" class=\"wp-caption aligncenter\"><a href=\"https:\/\/blogs.hoy.es\/senderosextremadura\/2015\/11\/25\/subida-al-puerto-de-los-maderos-en-el-puente-de-diciembre-6-de-diciembre\/puerto-maderos\/\" rel=\"attachment wp-att-3538\"><img aria-describedby=\"caption-attachment-3538\" loading=\"lazy\" class=\" wp-image-3538\" title=\"\" src=\"\/senderosextremadura\/wp-content\/uploads\/sites\/22\/2015\/11\/puerto-maderos.jpg\" alt=\"\" width=\"468\" height=\"700\" srcset=\"https:\/\/static-blogs.hoy.es\/wp-content\/uploads\/sites\/22\/2015\/11\/puerto-maderos.jpg 642w, https:\/\/static-blogs.hoy.es\/wp-content\/uploads\/sites\/22\/2015\/11\/puerto-maderos-201x300.jpg 201w, https:\/\/static-blogs.hoy.es\/wp-content\/uploads\/sites\/22\/2015\/11\/puerto-maderos-600x897.jpg 600w\" sizes=\"(max-width: 468px) 100vw, 468px\" \/><\/a><p id=\"caption-attachment-3538\" class=\"wp-caption-text\">Vistas del Puerto de los Maderos:: Senderismo Salvale\u00f3n<\/p><\/div>\n<p><a href=\"http:\/\/senderismosalvaleon.blogspot.com.es\/\" target=\"_blank\" rel=\"external nofollow\">Senderismo Salvale\u00f3n<\/a> prepara una propuesta para el puente de diciembre. Ser\u00e1 una Subida al Puerto de los Maderos, en la Sierra de Monsalud. La marcha de 17 kil\u00f3metros y dificultad media tendr\u00e1 lugar el 6 de diciembre. La salida se realizar\u00e1 a las nueve de la ma\u00f1ana en la plaza de Espa\u00f1a de la localidad pacense. <!--more-->Las inscripciones pueden realizarse hasta el mi\u00e9rcoles 2 de diciembre <a href=\"https:\/\/docs.google.com\/forms\/d\/1nDfkGq4J6Y2YQ0a8KYYnGTIHMFWDhgqlp0DuLtPh8lc\/viewform?c=0&#038;w=1\" target=\"_blank\">a trav\u00e9s de este link<\/a>.\u00a0 Al final de la caminata habr\u00e1 garbanzada para los participantes.<\/p>\n<!-- AddThis Advanced Settings generic via filter on the_content --><!-- AddThis Share Buttons generic via filter on the_content -->","protected":false},"excerpt":{"rendered":"<p>Senderismo Salvale\u00f3n prepara una propuesta para el puente de diciembre. Ser\u00e1 una Subida al Puerto de los Maderos, en la Sierra de Monsalud. La marcha de 17 kil\u00f3metros y dificultad media tendr\u00e1 lugar el 6 de diciembre. La salida se realizar\u00e1 a las nueve de la ma\u00f1ana en la plaza de Espa\u00f1a de la localidad [&hellip;]<!-- AddThis Advanced Settings generic via filter on get_the_excerpt --><!-- AddThis Share Buttons generic via filter on get_the_excerpt --><\/p>\n","protected":false},"author":27,"featured_media":0,"comment_status":"open","ping_status":"closed","sticky":false,"template":"","format":"standard","meta":[],"categories":[3],"tags":[667,817,884,906,917,985],"_links":{"self":[{"href":"https:\/\/blogs.hoy.es\/senderosextremadura\/wp-json\/wp\/v2\/posts\/3536"}],"collection":[{"href":"https:\/\/blogs.hoy.es\/senderosextremadura\/wp-json\/wp\/v2\/posts"}],"about":[{"href":"https:\/\/blogs.hoy.es\/senderosextremadura\/wp-json\/wp\/v2\/types\/post"}],"author":[{"embeddable":true,"href":"https:\/\/blogs.hoy.es\/senderosextremadura\/wp-json\/wp\/v2\/users\/27"}],"replies":[{"embeddable":true,"href":"https:\/\/blogs.hoy.es\/senderosextremadura\/wp-json\/wp\/v2\/comments?post=3536"}],"version-history":[{"count":0,"href":"https:\/\/blogs.hoy.es\/senderosextremadura\/wp-json\/wp\/v2\/posts\/3536\/revisions"}],"wp:attachment":[{"href":"https:\/\/blogs.hoy.es\/senderosextremadura\/wp-json\/wp\/v2\/media?parent=3536"}],"wp:term":[{"taxonomy":"category","embeddable":true,"href":"https:\/\/blogs.hoy.es\/senderosextremadura\/wp-json\/wp\/v2\/categories?post=3536"},{"taxonomy":"post_tag","embeddable":true,"href":"https:\/\/blogs.hoy.es\/senderosextremadura\/wp-json\/wp\/v2\/tags?post=3536"}],"curies":[{"name":"wp","href":"https:\/\/api.w.org\/{rel}","templated":true}]}}