{"id":3539,"date":"2015-11-25T09:33:25","date_gmt":"2015-11-25T09:33:25","guid":{"rendered":"http:\/\/blogs.hoy.es\/senderosextremadura\/?p=3539"},"modified":"2015-11-25T09:33:25","modified_gmt":"2015-11-25T09:33:25","slug":"ruta-de-alfonso-onceno-29-de-noviembre","status":"publish","type":"post","link":"https:\/\/blogs.hoy.es\/senderosextremadura\/2015\/11\/25\/ruta-de-alfonso-onceno-29-de-noviembre\/","title":{"rendered":"La ruta de Alfonso Onceno se adentra en los bosques del Geoparque (29 de noviembre)"},"content":{"rendered":"<p><a href=\"https:\/\/blogs.hoy.es\/senderosextremadura\/2015\/11\/25\/ruta-de-alfonso-onceno-29-de-noviembre\/alfonso-onceno\/\" rel=\"attachment wp-att-3540\"><img loading=\"lazy\" class=\"aligncenter size-full wp-image-3540\" title=\"Bosque de las Villuercas.\" src=\"\/senderosextremadura\/wp-content\/uploads\/sites\/22\/2015\/11\/alfonso-onceno.jpg\" alt=\"\" width=\"600\" height=\"400\" srcset=\"https:\/\/static-blogs.hoy.es\/wp-content\/uploads\/sites\/22\/2015\/11\/alfonso-onceno.jpg 600w, https:\/\/static-blogs.hoy.es\/wp-content\/uploads\/sites\/22\/2015\/11\/alfonso-onceno-300x200.jpg 300w\" sizes=\"(max-width: 600px) 100vw, 600px\" \/><\/a><\/p>\n<div>Este domingo 29 de noviembre se volver\u00e1 a realizar la hist\u00f3rica <strong>ruta de Alfonso Onceno<\/strong>. Ser\u00e1 una marcha de 16,5 kil\u00f3metros por los hermosos parajes del <strong>Geoparque Villuercas-Ibores-Jara<\/strong>. \u00a0Durante toda la ruta los caminantes cruzar\u00e1n paisajes abruptos, entre robles, casta\u00f1os, pinos, alcornoques y cerezos. <!--more--><\/div>\n<div>Partiendo de la parte alta de Navezuelas,\u00a0 desde la Plaza de Espa\u00f1a, los caminantes ascender\u00e1n por el antiguo camino hasta el Collado de la Pariera (1.240 m), situado en la Sierra Tejadilla, desde all\u00ed proseguir\u00e1n hasta el Collado de los Ajos (1.220 m), desde donde podr\u00e1n observar la formaci\u00f3n Apalachense de las Villuercas, para comenzar a bajar hasta el Valle del Viejas, donde trascruzar el r\u00edo, comenzar\u00e1n a ascender por una ladera del valle hasta el Collado de la Arena (1.240 m), a unos 200 metros podemos visitar el Pozo de la Nieve (realizado para proporcionar hielo al Monasterio). Ah\u00ed comenzar\u00e1 el descenso a Guadalupe, donde encontrar\u00e1n la Ermita del Humilladero (S. XV), y terminar\u00e1n el descenso por el antiguo Camino de la Ca\u00f1er\u00eda, entrando en Guadalupe por el barrio de San Jos\u00e9 Obrero, para finalizar en la plaza de la villa, ante el imponente Real Monasterio.<\/div>\n<div>\nLos participantes saldr\u00e1n en autob\u00fas desde Badajoz (8 horas), M\u00e9rida (8.45 horas)\u00a0 y Miajadas (9.30 horas). El precio de la inscripci\u00f3n, que puede realizarse <a href=\"http:\/\/www.reunalia.com\/v03\/inscripciones\/inscripcion_paso2.aspx?Evento=922ACB59CD1EDDE6&#038;Plaza=9466&#038;PlazaTarifa=92416&#038;if=&#038;c=&#038;ListaEspera=1\" target=\"_blank\" rel=\"external nofollow\">hasta el jueves en este link<\/a>, es de 20 euros e incluye traslados, gu\u00edas titulados y seguro.<br \/>\n&#8230;&#8230;&#8230;&#8230;&#8230;&#8230;&#8230;&#8230;..<wbr>&#8230;&#8230;&#8230;&#8230;&#8230;&#8230;&#8230;&#8230;..<wbr>&#8230;&#8230;&#8230;<br \/>\nM\u00c1S INFORMACI\u00d3N EN <a href=\"http:\/\/ZONAVIAJE.COM\/\" rel=\"nofollow external\" target=\"_blank\">ZONAVIAJE.COM<\/a><br \/>\n924 262 762, info@zonaviaje.com<\/wbr><\/wbr><\/div>\n<!-- AddThis Advanced Settings generic via filter on the_content --><!-- AddThis Share Buttons generic via filter on the_content -->","protected":false},"excerpt":{"rendered":"<p>Este domingo 29 de noviembre se volver\u00e1 a realizar la hist\u00f3rica ruta de Alfonso Onceno. Ser\u00e1 una marcha de 16,5 kil\u00f3metros por los hermosos parajes del Geoparque Villuercas-Ibores-Jara. \u00a0Durante toda la ruta los caminantes cruzar\u00e1n paisajes abruptos, entre robles, casta\u00f1os, pinos, alcornoques y cerezos.<!-- AddThis Advanced Settings generic via filter on get_the_excerpt --><!-- AddThis Share Buttons generic via filter on get_the_excerpt --><\/p>\n","protected":false},"author":27,"featured_media":0,"comment_status":"open","ping_status":"closed","sticky":false,"template":"","format":"standard","meta":[],"categories":[3],"tags":[352,821,836,906,1035],"_links":{"self":[{"href":"https:\/\/blogs.hoy.es\/senderosextremadura\/wp-json\/wp\/v2\/posts\/3539"}],"collection":[{"href":"https:\/\/blogs.hoy.es\/senderosextremadura\/wp-json\/wp\/v2\/posts"}],"about":[{"href":"https:\/\/blogs.hoy.es\/senderosextremadura\/wp-json\/wp\/v2\/types\/post"}],"author":[{"embeddable":true,"href":"https:\/\/blogs.hoy.es\/senderosextremadura\/wp-json\/wp\/v2\/users\/27"}],"replies":[{"embeddable":true,"href":"https:\/\/blogs.hoy.es\/senderosextremadura\/wp-json\/wp\/v2\/comments?post=3539"}],"version-history":[{"count":0,"href":"https:\/\/blogs.hoy.es\/senderosextremadura\/wp-json\/wp\/v2\/posts\/3539\/revisions"}],"wp:attachment":[{"href":"https:\/\/blogs.hoy.es\/senderosextremadura\/wp-json\/wp\/v2\/media?parent=3539"}],"wp:term":[{"taxonomy":"category","embeddable":true,"href":"https:\/\/blogs.hoy.es\/senderosextremadura\/wp-json\/wp\/v2\/categories?post=3539"},{"taxonomy":"post_tag","embeddable":true,"href":"https:\/\/blogs.hoy.es\/senderosextremadura\/wp-json\/wp\/v2\/tags?post=3539"}],"curies":[{"name":"wp","href":"https:\/\/api.w.org\/{rel}","templated":true}]}}