{"id":3550,"date":"2015-11-27T19:44:20","date_gmt":"2015-11-27T19:44:20","guid":{"rendered":"http:\/\/blogs.hoy.es\/senderosextremadura\/?p=3550"},"modified":"2015-11-27T19:44:20","modified_gmt":"2015-11-27T19:44:20","slug":"valle-de-santa-ana-celebra-este-domingo-una-ruta-contra-la-violencia-de-genero","status":"publish","type":"post","link":"https:\/\/blogs.hoy.es\/senderosextremadura\/2015\/11\/27\/valle-de-santa-ana-celebra-este-domingo-una-ruta-contra-la-violencia-de-genero\/","title":{"rendered":"Valle de Santa Ana celebra este domingo una ruta contra la violencia de g\u00e9nero"},"content":{"rendered":"<p>La localidad pacense de Valle de Santa Ana, perteneciente a la Mancomunidad de Municipios Sierra Suroeste, celebrar\u00e1 este domingo, 29 de noviembre, la VI Ruta Senderista contra la Violencia de G\u00e9nero.<\/p>\n<p><!--more--><\/p>\n<p>La salida tendr\u00e1 lugar a las 09,00 horas desde la zona denominada &#8216;Abanico&#8217; y, tras la lectura del manifiesto redactado para tal ocasi\u00f3n, se recorrer\u00e1 una distancia de 9,5 kil\u00f3metros.<\/p>\n<p>Adem\u00e1s, seg\u00fan ha informado la Diputaci\u00f3n de Badajoz en nota de prensa, habr\u00e1 un desayuno conmemorativo al finalizar la ruta por el precio de un euro.<\/p>\n<p>Asimismo, todas las personas interesadas en participar en esta ruta senderista deber\u00e1n inscribirse en la Casa de la Cultura del Valle de Santa Ana.<\/p>\n<p>Esta VI Ruta Senderista est\u00e1 organizada por la Concejal\u00eda de Cultura, Deporte y Festejos y por el Servicio de Dinamizaci\u00f3n de la Mancomunidad Sierra Suroeste y colaboran en ella las diputaciones de Badajoz y C\u00e1ceres y la Junta de Extremadura.<\/p>\n<p>La localidad cacere\u00f1a de Valencia de Alc\u00e1ntara tambi\u00e9n celebra una ruta contra la violencia de g\u00e9nero. Ser\u00e1 este s\u00e1bado.<\/p>\n<p>Fuente: E.P.<\/p>\n<!-- AddThis Advanced Settings generic via filter on the_content --><!-- AddThis Share Buttons generic via filter on the_content -->","protected":false},"excerpt":{"rendered":"<p>La localidad pacense de Valle de Santa Ana, perteneciente a la Mancomunidad de Municipios Sierra Suroeste, celebrar\u00e1 este domingo, 29 de noviembre, la VI Ruta Senderista contra la Violencia de G\u00e9nero.<!-- AddThis Advanced Settings generic via filter on get_the_excerpt --><!-- AddThis Share Buttons generic via filter on get_the_excerpt --><\/p>\n","protected":false},"author":27,"featured_media":0,"comment_status":"open","ping_status":"closed","sticky":false,"template":"","format":"standard","meta":[],"categories":[3],"tags":[835,906,1035,1101],"_links":{"self":[{"href":"https:\/\/blogs.hoy.es\/senderosextremadura\/wp-json\/wp\/v2\/posts\/3550"}],"collection":[{"href":"https:\/\/blogs.hoy.es\/senderosextremadura\/wp-json\/wp\/v2\/posts"}],"about":[{"href":"https:\/\/blogs.hoy.es\/senderosextremadura\/wp-json\/wp\/v2\/types\/post"}],"author":[{"embeddable":true,"href":"https:\/\/blogs.hoy.es\/senderosextremadura\/wp-json\/wp\/v2\/users\/27"}],"replies":[{"embeddable":true,"href":"https:\/\/blogs.hoy.es\/senderosextremadura\/wp-json\/wp\/v2\/comments?post=3550"}],"version-history":[{"count":0,"href":"https:\/\/blogs.hoy.es\/senderosextremadura\/wp-json\/wp\/v2\/posts\/3550\/revisions"}],"wp:attachment":[{"href":"https:\/\/blogs.hoy.es\/senderosextremadura\/wp-json\/wp\/v2\/media?parent=3550"}],"wp:term":[{"taxonomy":"category","embeddable":true,"href":"https:\/\/blogs.hoy.es\/senderosextremadura\/wp-json\/wp\/v2\/categories?post=3550"},{"taxonomy":"post_tag","embeddable":true,"href":"https:\/\/blogs.hoy.es\/senderosextremadura\/wp-json\/wp\/v2\/tags?post=3550"}],"curies":[{"name":"wp","href":"https:\/\/api.w.org\/{rel}","templated":true}]}}