{"id":3552,"date":"2015-11-30T19:16:45","date_gmt":"2015-11-30T19:16:45","guid":{"rendered":"http:\/\/blogs.hoy.es\/senderosextremadura\/?p=3552"},"modified":"2015-11-30T19:16:45","modified_gmt":"2015-11-30T19:16:45","slug":"subida-al-belen-de-jalama-13-de-diciembre","status":"publish","type":"post","link":"https:\/\/blogs.hoy.es\/senderosextremadura\/2015\/11\/30\/subida-al-belen-de-jalama-13-de-diciembre\/","title":{"rendered":"Subida al bel\u00e9n de J\u00e1lama (13 de diciembre)"},"content":{"rendered":"<p align=\"JUSTIFY\"><span style=\"color: #000000;\"><span style=\"font-family: Arial,sans-serif;\">La Asociaci\u00f3n de Hermanamientos de Coria y La Carrera ha organizado la tradicional Sibida al bel\u00e9n de J\u00e1lama, una<\/span><\/span><span style=\"color: #000000;\"><span style=\"font-family: Arial,sans-serif;\"> ruta circular con lugar de salida y llegada en San Mart\u00edn de Trevejo. <strong>J\u00e1lama<\/strong><em><\/em> es una monta\u00f1a de 1.492 metros de altura, una de las m\u00e1s altas de la <a title=\"Sierra de Gata\" href=\"https:\/\/es.wikipedia.org\/wiki\/Sierra_de_Gata\" rel=\"external nofollow\">Sierra de Gata<\/a>. La cima preside el valle del mismo nombre y marca el l\u00edmite entre las provincias de C\u00e1ceres y Salamanca.<br \/>\n<\/span><\/span><\/p>\n<p align=\"JUSTIFY\"><span style=\"color: #000000;\"><span style=\"font-family: Arial,sans-serif;\"> La marcha se realizar\u00e1 el domingo 13 de diciembre, saliendo a las nueve de la ma\u00f1ana desde la Plaza de la Paz.<!--more--><\/span><\/span><\/p>\n<p>Las inscripciones pueden realizarse llamando <strong>al <\/strong><span style=\"color: #000000;\"><span style=\"font-family: Arial,sans-serif;\"><span style=\"font-size: small;\"><strong>tel\u00e9fono 927.50.00.60, o bien la pasteler\u00eda El Pintor de Coria. El \u00faltimo d\u00eda para apuntarse ser\u00e1 el 10 de diciembre, o bien cuando se cubran las plazas del autob\u00fas. La cuota de 12 euros incluye<\/strong><\/span><\/span><\/span><span><span style=\"font-family: Arial,sans-serif;\"><span style=\"font-size: small;\"> bus, seguro de accidentes, degustaci\u00f3n de productos navide\u00f1os, chupito de aguardiente y polvor\u00f3n junto al Bel\u00e9n.<\/span><\/span><\/span><\/p>\n<p lang=\"it-IT\" align=\"JUSTIFY\"><span style=\"color: #000000;\"><span style=\"font-family: Arial,sans-serif;\"><span style=\"font-size: small;\"><span style=\"color: #0000ff;\"><span style=\"text-decoration: underline;\"><span style=\"color: #000000;\"><span style=\"font-family: Arial,sans-serif;\"><strong>Los menores de edad deber\u00e1n ir acompa\u00f1ados de un adulto (padre\/madre\/tutor) con su correspondiente autorizaci\u00f3n.<\/strong><\/span><\/span><\/span><\/span><\/span><\/span><\/span><\/p>\n<!-- AddThis Advanced Settings generic via filter on the_content --><!-- AddThis Share Buttons generic via filter on the_content -->","protected":false},"excerpt":{"rendered":"<p>La Asociaci\u00f3n de Hermanamientos de Coria y La Carrera ha organizado la tradicional Sibida al bel\u00e9n de J\u00e1lama, una ruta circular con lugar de salida y llegada en San Mart\u00edn de Trevejo. J\u00e1lama es una monta\u00f1a de 1.492 metros de altura, una de las m\u00e1s altas de la Sierra de Gata. La cima preside el [&hellip;]<!-- AddThis Advanced Settings generic via filter on get_the_excerpt --><!-- AddThis Share Buttons generic via filter on get_the_excerpt --><\/p>\n","protected":false},"author":27,"featured_media":0,"comment_status":"open","ping_status":"closed","sticky":false,"template":"","format":"standard","meta":[],"categories":[3],"tags":[821,836,977],"_links":{"self":[{"href":"https:\/\/blogs.hoy.es\/senderosextremadura\/wp-json\/wp\/v2\/posts\/3552"}],"collection":[{"href":"https:\/\/blogs.hoy.es\/senderosextremadura\/wp-json\/wp\/v2\/posts"}],"about":[{"href":"https:\/\/blogs.hoy.es\/senderosextremadura\/wp-json\/wp\/v2\/types\/post"}],"author":[{"embeddable":true,"href":"https:\/\/blogs.hoy.es\/senderosextremadura\/wp-json\/wp\/v2\/users\/27"}],"replies":[{"embeddable":true,"href":"https:\/\/blogs.hoy.es\/senderosextremadura\/wp-json\/wp\/v2\/comments?post=3552"}],"version-history":[{"count":0,"href":"https:\/\/blogs.hoy.es\/senderosextremadura\/wp-json\/wp\/v2\/posts\/3552\/revisions"}],"wp:attachment":[{"href":"https:\/\/blogs.hoy.es\/senderosextremadura\/wp-json\/wp\/v2\/media?parent=3552"}],"wp:term":[{"taxonomy":"category","embeddable":true,"href":"https:\/\/blogs.hoy.es\/senderosextremadura\/wp-json\/wp\/v2\/categories?post=3552"},{"taxonomy":"post_tag","embeddable":true,"href":"https:\/\/blogs.hoy.es\/senderosextremadura\/wp-json\/wp\/v2\/tags?post=3552"}],"curies":[{"name":"wp","href":"https:\/\/api.w.org\/{rel}","templated":true}]}}