{"id":3554,"date":"2015-12-10T09:19:59","date_gmt":"2015-12-10T09:19:59","guid":{"rendered":"http:\/\/blogs.hoy.es\/senderosextremadura\/?p=3554"},"modified":"2015-12-10T09:19:59","modified_gmt":"2015-12-10T09:19:59","slug":"la-ruta-solidaria-de-el-torno-recauda-3-500-euros-para-la-asociacion-de-fibrosis-quistica","status":"publish","type":"post","link":"https:\/\/blogs.hoy.es\/senderosextremadura\/2015\/12\/10\/la-ruta-solidaria-de-el-torno-recauda-3-500-euros-para-la-asociacion-de-fibrosis-quistica\/","title":{"rendered":"La ruta solidaria de El Torno recauda 3.500 euros para la Asociaci\u00f3n de Fibrosis Qu\u00edstica"},"content":{"rendered":"<div id=\"attachment_3556\" style=\"width: 610px\" class=\"wp-caption aligncenter\"><a href=\"https:\/\/blogs.hoy.es\/senderosextremadura\"><img aria-describedby=\"caption-attachment-3556\" loading=\"lazy\" class=\"size-large wp-image-3556\" title=\"\" src=\"\/senderosextremadura\/wp-content\/uploads\/sites\/22\/2015\/12\/ruta-solidaria.jpg\" alt=\"\" width=\"600\" height=\"337\" srcset=\"https:\/\/static-blogs.hoy.es\/wp-content\/uploads\/sites\/22\/2015\/12\/ruta-solidaria.jpg 1600w, https:\/\/static-blogs.hoy.es\/wp-content\/uploads\/sites\/22\/2015\/12\/ruta-solidaria-300x169.jpg 300w, https:\/\/static-blogs.hoy.es\/wp-content\/uploads\/sites\/22\/2015\/12\/ruta-solidaria-768x432.jpg 768w, https:\/\/static-blogs.hoy.es\/wp-content\/uploads\/sites\/22\/2015\/12\/ruta-solidaria-600x338.jpg 600w\" sizes=\"(max-width: 600px) 100vw, 600px\" \/><\/a><p id=\"caption-attachment-3556\" class=\"wp-caption-text\">Entrega del cheque soliario.<\/p><\/div>\n<p>La localidad de El Torno se vuelca con la Asociaci\u00f3n de Fibrosis Qu\u00edstica de Extremadura, 3.500 euros han conseguido recaudar en la ruta organizado el pasado fin de semana en el Valle del Jerte.<!--more--><br \/>\nEl club de El Torno y la Asociaci\u00f3n de Mujeres torniega &#8216;Los Lazos&#8217; han entregado a la presidenta de la Asociaci\u00f3n de Fibrosis Qu\u00edstica de Extremadura, Do\u00f1a Estela Rubio Serrano, un cheque por valor de 3.500 euros, recaudados con las 400 inscripciones para participar en la I Ruta Solidaria &#8216;El Torno&#8217; y con la t\u00f3mbola solidaria celebrada en la plaza torniega al concluir las 2 rutas celebradas el pasado 5 de diciembre por la sierra de El Torno.<br \/>\nLa organizaci\u00f3n del evento quiere agradecer la colaboraci\u00f3n desinteresada de la Asociaci\u00f3n Cultural de Barrado que nos anim\u00f3 con su batukada, del Ayuntamiento de El Torno y Asociaci\u00f3n de mujeres por la elaboraci\u00f3n de la migas, del albergue rural Alberjerte que colabor\u00f3 activamente en la organizaci\u00f3n de esta causa solidaria y del club senderista, gu\u00eda necesario durante las rutas realizadas con gran afluencia de p\u00fablico de todas las edades.<\/p>\n<!-- AddThis Advanced Settings generic via filter on the_content --><!-- AddThis Share Buttons generic via filter on the_content -->","protected":false},"excerpt":{"rendered":"<p>La localidad de El Torno se vuelca con la Asociaci\u00f3n de Fibrosis Qu\u00edstica de Extremadura, 3.500 euros han conseguido recaudar en la ruta organizado el pasado fin de semana en el Valle del Jerte.<!-- AddThis Advanced Settings generic via filter on get_the_excerpt --><!-- AddThis Share Buttons generic via filter on get_the_excerpt --><\/p>\n","protected":false},"author":27,"featured_media":0,"comment_status":"open","ping_status":"closed","sticky":false,"template":"","format":"standard","meta":[],"categories":[3],"tags":[274,830,1063],"_links":{"self":[{"href":"https:\/\/blogs.hoy.es\/senderosextremadura\/wp-json\/wp\/v2\/posts\/3554"}],"collection":[{"href":"https:\/\/blogs.hoy.es\/senderosextremadura\/wp-json\/wp\/v2\/posts"}],"about":[{"href":"https:\/\/blogs.hoy.es\/senderosextremadura\/wp-json\/wp\/v2\/types\/post"}],"author":[{"embeddable":true,"href":"https:\/\/blogs.hoy.es\/senderosextremadura\/wp-json\/wp\/v2\/users\/27"}],"replies":[{"embeddable":true,"href":"https:\/\/blogs.hoy.es\/senderosextremadura\/wp-json\/wp\/v2\/comments?post=3554"}],"version-history":[{"count":0,"href":"https:\/\/blogs.hoy.es\/senderosextremadura\/wp-json\/wp\/v2\/posts\/3554\/revisions"}],"wp:attachment":[{"href":"https:\/\/blogs.hoy.es\/senderosextremadura\/wp-json\/wp\/v2\/media?parent=3554"}],"wp:term":[{"taxonomy":"category","embeddable":true,"href":"https:\/\/blogs.hoy.es\/senderosextremadura\/wp-json\/wp\/v2\/categories?post=3554"},{"taxonomy":"post_tag","embeddable":true,"href":"https:\/\/blogs.hoy.es\/senderosextremadura\/wp-json\/wp\/v2\/tags?post=3554"}],"curies":[{"name":"wp","href":"https:\/\/api.w.org\/{rel}","templated":true}]}}