{"id":3557,"date":"2015-12-11T10:41:57","date_gmt":"2015-12-11T10:41:57","guid":{"rendered":"http:\/\/blogs.hoy.es\/senderosextremadura\/?p=3557"},"modified":"2015-12-11T10:41:57","modified_gmt":"2015-12-11T10:41:57","slug":"ruta-por-los-arribes-del-tajo-internacional-13-de-diciembre","status":"publish","type":"post","link":"https:\/\/blogs.hoy.es\/senderosextremadura\/2015\/12\/11\/ruta-por-los-arribes-del-tajo-internacional-13-de-diciembre\/","title":{"rendered":"Ruta por los Arribes del Tajo Internacional (13 de diciembre)"},"content":{"rendered":"<p>ZonaViaje ha organizado una ruta senderista por los Arribes del Tajo Internacional. La marcha tendr\u00e1 lugar este domingo 13 de diciembre. Habr\u00e1 dos recorridos, uno de 17 kil\u00f3metros y otro m\u00e1s f\u00e1cil de 10. La inscripci\u00f3n cuesta 20 euros e incluye traslados, seguro y gu\u00eda. Los participantes saldr\u00e1n en autob\u00fas a las ocho de la ma\u00f1ana desde Badajoz. M\u00e1s datos de la marcha, <a href=\"https:\/\/www.facebook.com\/ZONAVIAJE\/photos\/gm.1077357995630292\/959263160788229\/?type=3&#038;theater\" target=\"_blank\" rel=\"external nofollow\">en este link<\/a>.<\/p>\n<p><a href=\"https:\/\/blogs.hoy.es\/senderosextremadura\/\"><img loading=\"lazy\" class=\"aligncenter size-large wp-image-3559\" title=\"\" src=\"\/senderosextremadura\/wp-content\/uploads\/sites\/22\/2015\/12\/tajo.jpg\" alt=\"\" width=\"600\" height=\"422\" srcset=\"https:\/\/static-blogs.hoy.es\/wp-content\/uploads\/sites\/22\/2015\/12\/tajo.jpg 960w, https:\/\/static-blogs.hoy.es\/wp-content\/uploads\/sites\/22\/2015\/12\/tajo-300x211.jpg 300w, https:\/\/static-blogs.hoy.es\/wp-content\/uploads\/sites\/22\/2015\/12\/tajo-768x541.jpg 768w, https:\/\/static-blogs.hoy.es\/wp-content\/uploads\/sites\/22\/2015\/12\/tajo-600x423.jpg 600w\" sizes=\"(max-width: 600px) 100vw, 600px\" \/><\/a><\/p>\n<!-- AddThis Advanced Settings generic via filter on the_content --><!-- AddThis Share Buttons generic via filter on the_content -->","protected":false},"excerpt":{"rendered":"<p>ZonaViaje ha organizado una ruta senderista por los Arribes del Tajo Internacional. La marcha tendr\u00e1 lugar este domingo 13 de diciembre. Habr\u00e1 dos recorridos, uno de 17 kil\u00f3metros y otro m\u00e1s f\u00e1cil de 10. La inscripci\u00f3n cuesta 20 euros e incluye traslados, seguro y gu\u00eda. Los participantes saldr\u00e1n en autob\u00fas a las ocho de la [&hellip;]<!-- AddThis Advanced Settings generic via filter on get_the_excerpt --><!-- AddThis Share Buttons generic via filter on get_the_excerpt --><\/p>\n","protected":false},"author":27,"featured_media":0,"comment_status":"open","ping_status":"closed","sticky":false,"template":"","format":"standard","meta":[],"categories":[3],"tags":[],"_links":{"self":[{"href":"https:\/\/blogs.hoy.es\/senderosextremadura\/wp-json\/wp\/v2\/posts\/3557"}],"collection":[{"href":"https:\/\/blogs.hoy.es\/senderosextremadura\/wp-json\/wp\/v2\/posts"}],"about":[{"href":"https:\/\/blogs.hoy.es\/senderosextremadura\/wp-json\/wp\/v2\/types\/post"}],"author":[{"embeddable":true,"href":"https:\/\/blogs.hoy.es\/senderosextremadura\/wp-json\/wp\/v2\/users\/27"}],"replies":[{"embeddable":true,"href":"https:\/\/blogs.hoy.es\/senderosextremadura\/wp-json\/wp\/v2\/comments?post=3557"}],"version-history":[{"count":0,"href":"https:\/\/blogs.hoy.es\/senderosextremadura\/wp-json\/wp\/v2\/posts\/3557\/revisions"}],"wp:attachment":[{"href":"https:\/\/blogs.hoy.es\/senderosextremadura\/wp-json\/wp\/v2\/media?parent=3557"}],"wp:term":[{"taxonomy":"category","embeddable":true,"href":"https:\/\/blogs.hoy.es\/senderosextremadura\/wp-json\/wp\/v2\/categories?post=3557"},{"taxonomy":"post_tag","embeddable":true,"href":"https:\/\/blogs.hoy.es\/senderosextremadura\/wp-json\/wp\/v2\/tags?post=3557"}],"curies":[{"name":"wp","href":"https:\/\/api.w.org\/{rel}","templated":true}]}}