{"id":3560,"date":"2015-12-15T12:17:10","date_gmt":"2015-12-15T12:17:10","guid":{"rendered":"http:\/\/blogs.hoy.es\/senderosextremadura\/?p=3560"},"modified":"2015-12-15T12:17:10","modified_gmt":"2015-12-15T12:17:10","slug":"ruta-por-la-sierra-de-berzocana-20-de-diciembre","status":"publish","type":"post","link":"https:\/\/blogs.hoy.es\/senderosextremadura\/2015\/12\/15\/ruta-por-la-sierra-de-berzocana-20-de-diciembre\/","title":{"rendered":"Ruta por la Sierra de Berzocana (20 de diciembre)"},"content":{"rendered":"<p><a href=\"https:\/\/blogs.hoy.es\/senderosextremadura\/\"><img loading=\"lazy\" class=\"aligncenter size-full wp-image-3561\" title=\"\" src=\"\/senderosextremadura\/wp-content\/uploads\/sites\/22\/2015\/12\/berzocana.jpg\" alt=\"\" width=\"300\" height=\"200\" \/><\/a><\/p>\n<p>Rutas por Extremadura organiza el pr\u00f3ximo fin de semana una marcha por la Sierra de Berzocana (C\u00e1ceres), uno de los mejores lugares disfrutar del Geoparque Villuercas Ibores Jara. El paraje est\u00e1 lleno de pinturas rupestres, cuevas, f\u00f3siles y una naturaleza desbordante. La marcha est\u00e1 prevista para el domingo 20 de diciembre, con salida a las 10.30 horas, pero la organizaci\u00f3n indica que tambi\u00e9n habr\u00e1 posibilidad de realizarla el s\u00e1bado. <!--more-->El precio es de 5 euros y habr\u00e1 invitaci\u00f3n a un refresco en la Posada de Caba\u00f1as. Para m\u00e1s informaci\u00f3n y reservas se puede contactar con la organizaci\u00f3n en el m\u00f3vil 636998462.<\/p>\n<!-- AddThis Advanced Settings generic via filter on the_content --><!-- AddThis Share Buttons generic via filter on the_content -->","protected":false},"excerpt":{"rendered":"<p>Rutas por Extremadura organiza el pr\u00f3ximo fin de semana una marcha por la Sierra de Berzocana (C\u00e1ceres), uno de los mejores lugares disfrutar del Geoparque Villuercas Ibores Jara. El paraje est\u00e1 lleno de pinturas rupestres, cuevas, f\u00f3siles y una naturaleza desbordante. La marcha est\u00e1 prevista para el domingo 20 de diciembre, con salida a las [&hellip;]<!-- AddThis Advanced Settings generic via filter on get_the_excerpt --><!-- AddThis Share Buttons generic via filter on get_the_excerpt --><\/p>\n","protected":false},"author":27,"featured_media":0,"comment_status":"open","ping_status":"closed","sticky":false,"template":"","format":"standard","meta":[],"categories":[3],"tags":[821,829,836,906],"_links":{"self":[{"href":"https:\/\/blogs.hoy.es\/senderosextremadura\/wp-json\/wp\/v2\/posts\/3560"}],"collection":[{"href":"https:\/\/blogs.hoy.es\/senderosextremadura\/wp-json\/wp\/v2\/posts"}],"about":[{"href":"https:\/\/blogs.hoy.es\/senderosextremadura\/wp-json\/wp\/v2\/types\/post"}],"author":[{"embeddable":true,"href":"https:\/\/blogs.hoy.es\/senderosextremadura\/wp-json\/wp\/v2\/users\/27"}],"replies":[{"embeddable":true,"href":"https:\/\/blogs.hoy.es\/senderosextremadura\/wp-json\/wp\/v2\/comments?post=3560"}],"version-history":[{"count":0,"href":"https:\/\/blogs.hoy.es\/senderosextremadura\/wp-json\/wp\/v2\/posts\/3560\/revisions"}],"wp:attachment":[{"href":"https:\/\/blogs.hoy.es\/senderosextremadura\/wp-json\/wp\/v2\/media?parent=3560"}],"wp:term":[{"taxonomy":"category","embeddable":true,"href":"https:\/\/blogs.hoy.es\/senderosextremadura\/wp-json\/wp\/v2\/categories?post=3560"},{"taxonomy":"post_tag","embeddable":true,"href":"https:\/\/blogs.hoy.es\/senderosextremadura\/wp-json\/wp\/v2\/tags?post=3560"}],"curies":[{"name":"wp","href":"https:\/\/api.w.org\/{rel}","templated":true}]}}