{"id":3566,"date":"2015-12-30T16:18:17","date_gmt":"2015-12-30T16:18:17","guid":{"rendered":"http:\/\/blogs.hoy.es\/senderosextremadura\/?p=3566"},"modified":"2015-12-30T16:18:17","modified_gmt":"2015-12-30T16:18:17","slug":"una-visita-a-la-encina-terrona-cerro-la-temporada-senderista-en-coria","status":"publish","type":"post","link":"https:\/\/blogs.hoy.es\/senderosextremadura\/2015\/12\/30\/una-visita-a-la-encina-terrona-cerro-la-temporada-senderista-en-coria\/","title":{"rendered":"Una visita a la Encina Terrona cerr\u00f3 la temporada senderista en Coria"},"content":{"rendered":"<p><a href=\"https:\/\/blogs.hoy.es\/senderosextremadura\/\"><img loading=\"lazy\" class=\"aligncenter size-full wp-image-3567\" title=\"\" src=\"\/senderosextremadura\/wp-content\/uploads\/sites\/22\/2015\/12\/terrona.jpg\" alt=\"\" width=\"575\" height=\"431\" srcset=\"https:\/\/static-blogs.hoy.es\/wp-content\/uploads\/sites\/22\/2015\/12\/terrona.jpg 575w, https:\/\/static-blogs.hoy.es\/wp-content\/uploads\/sites\/22\/2015\/12\/terrona-300x225.jpg 300w\" sizes=\"(max-width: 575px) 100vw, 575px\" \/><\/a><\/p>\n<p>La Concejal\u00eda de Deportes del Ayuntamiento de Coria pone fin al periodo de rutas senderistas 2015 con la la ruta &#8216;Pe\u00f1a Cuadrada-Encina Terrona&#8217; llevada a cabo el domingo 27 de diciembre, en la localidad cacere\u00f1a de Zarza de Mont\u00e1nchez, a la cual asistieron un total de 50 senderistas procedentes de C\u00e1ceres, Plasencia, Aceh\u00fache, Portaje, Casillas de Coria, Zafra y Coria.<!--more--><\/p>\n<p>A pesar de las fechas festivas donde estaba programada la ruta, se consigui\u00f3 reunir un grupo bastante numeroso de senderistas, de variadas edades, que asistieran a esta \u00faltima marcha del a\u00f1o, consolidando, a\u00fan m\u00e1s esta actividad, dentro del calendario deportivo municipal.<\/p>\n<p>Sobre las 09.50 horas, los asistentes comenzaban su andadura desde la localidad de Zarza de Mont\u00e1nchez, con una meteorolog\u00eda id\u00f3nea para la pr\u00e1ctica del senderismo, a pesar de las fechas en las que nos encontramos. La ruta de 17 kil\u00f3metros no presentaba una excesiva dificultad del terreno. La \u00fanica subida de la primera parte del trayecto fue a la Pe\u00f1a Cuadrada (734 metros), siendo la bajada m\u00e1s complicada al presentarse en forma de sendero estrecho muy irregular y con una pendiente pronunciada, provocando alg\u00fan peque\u00f1o susto por los resbalones de algunos de los senderistas. Pasado este tramo de camino, el grupo se dirigi\u00f3 al embalse de Navarredonda, surtido por las aguas del r\u00edo Tamuja, donde realizaron la parada para el bocadillo.<\/p>\n<!-- AddThis Advanced Settings generic via filter on the_content --><!-- AddThis Share Buttons generic via filter on the_content -->","protected":false},"excerpt":{"rendered":"<p>La Concejal\u00eda de Deportes del Ayuntamiento de Coria pone fin al periodo de rutas senderistas 2015 con la la ruta &#8216;Pe\u00f1a Cuadrada-Encina Terrona&#8217; llevada a cabo el domingo 27 de diciembre, en la localidad cacere\u00f1a de Zarza de Mont\u00e1nchez, a la cual asistieron un total de 50 senderistas procedentes de C\u00e1ceres, Plasencia, Aceh\u00fache, Portaje, Casillas [&hellip;]<!-- AddThis Advanced Settings generic via filter on get_the_excerpt --><!-- AddThis Share Buttons generic via filter on get_the_excerpt --><\/p>\n","protected":false},"author":27,"featured_media":0,"comment_status":"open","ping_status":"closed","sticky":false,"template":"","format":"standard","meta":[],"categories":[3],"tags":[239,285,836],"_links":{"self":[{"href":"https:\/\/blogs.hoy.es\/senderosextremadura\/wp-json\/wp\/v2\/posts\/3566"}],"collection":[{"href":"https:\/\/blogs.hoy.es\/senderosextremadura\/wp-json\/wp\/v2\/posts"}],"about":[{"href":"https:\/\/blogs.hoy.es\/senderosextremadura\/wp-json\/wp\/v2\/types\/post"}],"author":[{"embeddable":true,"href":"https:\/\/blogs.hoy.es\/senderosextremadura\/wp-json\/wp\/v2\/users\/27"}],"replies":[{"embeddable":true,"href":"https:\/\/blogs.hoy.es\/senderosextremadura\/wp-json\/wp\/v2\/comments?post=3566"}],"version-history":[{"count":0,"href":"https:\/\/blogs.hoy.es\/senderosextremadura\/wp-json\/wp\/v2\/posts\/3566\/revisions"}],"wp:attachment":[{"href":"https:\/\/blogs.hoy.es\/senderosextremadura\/wp-json\/wp\/v2\/media?parent=3566"}],"wp:term":[{"taxonomy":"category","embeddable":true,"href":"https:\/\/blogs.hoy.es\/senderosextremadura\/wp-json\/wp\/v2\/categories?post=3566"},{"taxonomy":"post_tag","embeddable":true,"href":"https:\/\/blogs.hoy.es\/senderosextremadura\/wp-json\/wp\/v2\/tags?post=3566"}],"curies":[{"name":"wp","href":"https:\/\/api.w.org\/{rel}","templated":true}]}}