{"id":3572,"date":"2016-01-12T07:58:27","date_gmt":"2016-01-12T07:58:27","guid":{"rendered":"http:\/\/blogs.hoy.es\/senderosextremadura\/?p=3572"},"modified":"2016-01-12T07:58:27","modified_gmt":"2016-01-12T07:58:27","slug":"el-abuelino-de-zafra-programa-cuarenta-rutas-senderistas-para-este-ano","status":"publish","type":"post","link":"https:\/\/blogs.hoy.es\/senderosextremadura\/2016\/01\/12\/el-abuelino-de-zafra-programa-cuarenta-rutas-senderistas-para-este-ano\/","title":{"rendered":"El Abuelino de Zafra programa cuarenta rutas senderistas para este a\u00f1o"},"content":{"rendered":"<p><a href=\"https:\/\/blogs.hoy.es\/senderosextremadura\/\"><img loading=\"lazy\" class=\"aligncenter size-full wp-image-3574\" title=\"\" src=\"\/senderosextremadura\/wp-content\/uploads\/sites\/22\/2016\/01\/abuelino.jpg\" alt=\"\" width=\"490\" height=\"320\" srcset=\"https:\/\/static-blogs.hoy.es\/wp-content\/uploads\/sites\/22\/2016\/01\/abuelino.jpg 490w, https:\/\/static-blogs.hoy.es\/wp-content\/uploads\/sites\/22\/2016\/01\/abuelino-300x196.jpg 300w\" sizes=\"(max-width: 490px) 100vw, 490px\" \/><\/a><\/p>\n<p>La asociaci\u00f3n cultural y senderismo &#8216;El Abuelino&#8217; de Zafra ha programado 40 rutas para este a\u00f1o, que se abre abri\u00f3 ayer con la ruta por Zafra de 20 kil\u00f3metros. El objetivo es dar a conocer Extremadura, su cultura, sus gentes y costumbres, utilizando el senderismo para tal fin. De esta forma, los domingos se conocen lugares nuevos.<!--more--><\/p>\n<p>Las rutas se proyecta que sean culturales como acudir a recorrer los monumentos romanos de M\u00e9rida, la ciudad romana de Contributa Iulia de Medina de las Torres, el teatro romano de Medell\u00edn, los d\u00f3lmenes en San Vicente de Alc\u00e1ntara, etc\u00e9tera. Tambi\u00e9n se recorrer\u00e1n pr\u00e1cticamente las diferentes comarcas de Extremadura. En las vacaciones de Semana Santa se viajar\u00e1 a Castilla-Le\u00f3n, en verano a Cantabria y adem\u00e1s, se realizaran recorridos senderistas por las playas, entre otras rutas de inter\u00e9s.<\/p>\n<p>&nbsp;<\/p>\n<p>Fuente: V\u00edctor Pav\u00f3n<\/p>\n<!-- AddThis Advanced Settings generic via filter on the_content --><!-- AddThis Share Buttons generic via filter on the_content -->","protected":false},"excerpt":{"rendered":"<p>La asociaci\u00f3n cultural y senderismo &#8216;El Abuelino&#8217; de Zafra ha programado 40 rutas para este a\u00f1o, que se abre abri\u00f3 ayer con la ruta por Zafra de 20 kil\u00f3metros. El objetivo es dar a conocer Extremadura, su cultura, sus gentes y costumbres, utilizando el senderismo para tal fin. De esta forma, los domingos se conocen [&hellip;]<!-- AddThis Advanced Settings generic via filter on get_the_excerpt --><!-- AddThis Share Buttons generic via filter on get_the_excerpt --><\/p>\n","protected":false},"author":27,"featured_media":0,"comment_status":"open","ping_status":"closed","sticky":false,"template":"","format":"standard","meta":[],"categories":[3],"tags":[836,929],"_links":{"self":[{"href":"https:\/\/blogs.hoy.es\/senderosextremadura\/wp-json\/wp\/v2\/posts\/3572"}],"collection":[{"href":"https:\/\/blogs.hoy.es\/senderosextremadura\/wp-json\/wp\/v2\/posts"}],"about":[{"href":"https:\/\/blogs.hoy.es\/senderosextremadura\/wp-json\/wp\/v2\/types\/post"}],"author":[{"embeddable":true,"href":"https:\/\/blogs.hoy.es\/senderosextremadura\/wp-json\/wp\/v2\/users\/27"}],"replies":[{"embeddable":true,"href":"https:\/\/blogs.hoy.es\/senderosextremadura\/wp-json\/wp\/v2\/comments?post=3572"}],"version-history":[{"count":0,"href":"https:\/\/blogs.hoy.es\/senderosextremadura\/wp-json\/wp\/v2\/posts\/3572\/revisions"}],"wp:attachment":[{"href":"https:\/\/blogs.hoy.es\/senderosextremadura\/wp-json\/wp\/v2\/media?parent=3572"}],"wp:term":[{"taxonomy":"category","embeddable":true,"href":"https:\/\/blogs.hoy.es\/senderosextremadura\/wp-json\/wp\/v2\/categories?post=3572"},{"taxonomy":"post_tag","embeddable":true,"href":"https:\/\/blogs.hoy.es\/senderosextremadura\/wp-json\/wp\/v2\/tags?post=3572"}],"curies":[{"name":"wp","href":"https:\/\/api.w.org\/{rel}","templated":true}]}}