{"id":3575,"date":"2016-01-12T12:44:24","date_gmt":"2016-01-12T12:44:24","guid":{"rendered":"http:\/\/blogs.hoy.es\/senderosextremadura\/?p=3575"},"modified":"2016-01-12T12:44:24","modified_gmt":"2016-01-12T12:44:24","slug":"almenara-las-janonas-una-ruta-invernal-por-gata-24-de-enero","status":"publish","type":"post","link":"https:\/\/blogs.hoy.es\/senderosextremadura\/2016\/01\/12\/almenara-las-janonas-una-ruta-invernal-por-gata-24-de-enero\/","title":{"rendered":"Almenara-Las Ja\u00f1onas, una ruta invernal por Gata (24 de enero)"},"content":{"rendered":"<p><a href=\"https:\/\/blogs.hoy.es\/senderosextremadura\/\"><img loading=\"lazy\" class=\"aligncenter size-large wp-image-3577\" title=\"\" src=\"\/senderosextremadura\/wp-content\/uploads\/sites\/22\/2016\/01\/gata.jpg\" alt=\"\" width=\"600\" height=\"428\" srcset=\"https:\/\/static-blogs.hoy.es\/wp-content\/uploads\/sites\/22\/2016\/01\/gata.jpg 988w, https:\/\/static-blogs.hoy.es\/wp-content\/uploads\/sites\/22\/2016\/01\/gata-300x214.jpg 300w, https:\/\/static-blogs.hoy.es\/wp-content\/uploads\/sites\/22\/2016\/01\/gata-768x548.jpg 768w, https:\/\/static-blogs.hoy.es\/wp-content\/uploads\/sites\/22\/2016\/01\/gata-600x428.jpg 600w\" sizes=\"(max-width: 600px) 100vw, 600px\" \/><\/a><br \/>\nEl Departamento de Deportes del Ayuntamiento de Coria ha programado una ruta senderista por la Sierra de Gata para el pr\u00f3ximo 24 de enero. La marcha abrir\u00e1 el calendario deportivo de 2016 y discurrir\u00e1 por la localidad de Gata. La ruta es circular y lleva por t\u00edtulo &#8216;Almenara de Gata-Las Ja\u00f1onas&#8217;. El inicio de la caminata tendr\u00e1 lugar a las ocho de la ma\u00f1ana desde la Casa de Cultura de la poblaci\u00f3n cacere\u00f1a, que tambi\u00e9n ser\u00e1 punto final de la ruta.<br \/>\nLas personas interesadas pueden informarse y apuntarse en esta actividad en la web del Ayuntamiento <a href=\"http:\/\/deportescoria.blogspot.com\" target=\"_blank\" rel=\"external nofollow\">http:\/\/deportescoria.blogspot.com<\/a><\/p>\n<!-- AddThis Advanced Settings generic via filter on the_content --><!-- AddThis Share Buttons generic via filter on the_content -->","protected":false},"excerpt":{"rendered":"<p>El Departamento de Deportes del Ayuntamiento de Coria ha programado una ruta senderista por la Sierra de Gata para el pr\u00f3ximo 24 de enero. La marcha abrir\u00e1 el calendario deportivo de 2016 y discurrir\u00e1 por la localidad de Gata. La ruta es circular y lleva por t\u00edtulo &#8216;Almenara de Gata-Las Ja\u00f1onas&#8217;. El inicio de la [&hellip;]<!-- AddThis Advanced Settings generic via filter on get_the_excerpt --><!-- AddThis Share Buttons generic via filter on get_the_excerpt --><\/p>\n","protected":false},"author":27,"featured_media":0,"comment_status":"open","ping_status":"closed","sticky":false,"template":"","format":"standard","meta":[],"categories":[3],"tags":[301,800,836,906,977],"_links":{"self":[{"href":"https:\/\/blogs.hoy.es\/senderosextremadura\/wp-json\/wp\/v2\/posts\/3575"}],"collection":[{"href":"https:\/\/blogs.hoy.es\/senderosextremadura\/wp-json\/wp\/v2\/posts"}],"about":[{"href":"https:\/\/blogs.hoy.es\/senderosextremadura\/wp-json\/wp\/v2\/types\/post"}],"author":[{"embeddable":true,"href":"https:\/\/blogs.hoy.es\/senderosextremadura\/wp-json\/wp\/v2\/users\/27"}],"replies":[{"embeddable":true,"href":"https:\/\/blogs.hoy.es\/senderosextremadura\/wp-json\/wp\/v2\/comments?post=3575"}],"version-history":[{"count":0,"href":"https:\/\/blogs.hoy.es\/senderosextremadura\/wp-json\/wp\/v2\/posts\/3575\/revisions"}],"wp:attachment":[{"href":"https:\/\/blogs.hoy.es\/senderosextremadura\/wp-json\/wp\/v2\/media?parent=3575"}],"wp:term":[{"taxonomy":"category","embeddable":true,"href":"https:\/\/blogs.hoy.es\/senderosextremadura\/wp-json\/wp\/v2\/categories?post=3575"},{"taxonomy":"post_tag","embeddable":true,"href":"https:\/\/blogs.hoy.es\/senderosextremadura\/wp-json\/wp\/v2\/tags?post=3575"}],"curies":[{"name":"wp","href":"https:\/\/api.w.org\/{rel}","templated":true}]}}