{"id":3579,"date":"2016-01-13T09:10:21","date_gmt":"2016-01-13T09:10:21","guid":{"rendered":"http:\/\/blogs.hoy.es\/senderosextremadura\/?p=3579"},"modified":"2016-01-13T09:10:21","modified_gmt":"2016-01-13T09:10:21","slug":"merida-acoge-el-31-de-enero-la-ruta-monumental-octavio-augusto","status":"publish","type":"post","link":"https:\/\/blogs.hoy.es\/senderosextremadura\/2016\/01\/13\/merida-acoge-el-31-de-enero-la-ruta-monumental-octavio-augusto\/","title":{"rendered":"M\u00e9rida acoge el 31 de enero la Ruta Monumental Octavio Augusto"},"content":{"rendered":"<p>El pr\u00f3ximo\u00a0<strong>31 de enero<\/strong>\u00a0M\u00e9rida acoge la sexta edici\u00f3n de la \u201c<strong><span style=\"text-decoration: underline;\">Ruta Monumental Octavio Augusto<\/span><\/strong>\u201d, prueba incluida en el\u00a0<strong>Circuito &#8216;<a href=\"http:\/\/www.fexme.com\/wordpress\/index.php\/circuito-camina-extremadura\/\" target=\"_blank\" rel=\"external nofollow\">Camina Extremadura 2016<\/a>&#8216;<\/strong>. La caminata circular de <strong>14,76 kil\u00f3metros <\/strong>est\u00e1 organizada por el\u00a0club de senderismo Em\u00e9rita Augusta\u00a0y con el patrocinio de la Direcci\u00f3n General de Deportes de la Junta de Extremadura, la Federaci\u00f3n Extreme\u00f1a de Monta\u00f1a y Escalada\u201d (FEXME), el Ayuntamiento de M\u00e9rida y el Consorcio de la Ciudad Monumental. La duraci\u00f3n prevista es de cuatro horas.<!--more--><\/p>\n<p><img loading=\"lazy\" src=\"\/\/www.senderismoemeritaaugusta.com\/clubsenderismoemerita\/\/imagenes\/rutas\/Octavio-Augusto_transp%20TABLON.gif\" alt=\"\" width=\"203\" height=\"285\" align=\"left\" hspace=\"7\" \/>En M\u00e9rida no existen grandes monta\u00f1as ni profundos valles, tampoco gargantas espectaculares ni bosques, pero si hay dos r\u00edos con sus riberas y la desembocadura de uno de ellos; Un legado monumental important\u00edsimo de mas de 2.000 a\u00f1os, de generaciones que nos precedieron, por estas razones la marcha se denomina Ruta Monumental Senderista Octavio Augusto. Discurrir\u00e1 entre la parte\u00a0natural de los r\u00edos, con la monumentalidad de la ciudad, la adaptaci\u00f3n de sus riberas como pulm\u00f3n de la ciudad.<\/p>\n<p>Los caminantes saldr\u00e1n\u00a0\u00a0del Albergue Municipal de El Prado, remontando el Guadiana por el camino se\u00f1alizado como GR-114, con la perpectiva de M\u00e9rida a la lejan\u00eda, para ir dejando la sierra de Carija a la izquierda, y pasar por debajo del puente de la autov\u00eda.<\/p>\n<p>Sigue leyendo en la<a href=\"http:\/\/www.senderismoemeritaaugusta.com\/clubsenderismoemerita\/\/informacion%20rutas\/VI%20Ruta%20Monumental%20Senderista%20Octavio%20Augusto.html\" target=\"_blank\" rel=\"external nofollow\"> web de la organizaci\u00f3n.<\/a><\/p>\n<!-- AddThis Advanced Settings generic via filter on the_content --><!-- AddThis Share Buttons generic via filter on the_content -->","protected":false},"excerpt":{"rendered":"<p>El pr\u00f3ximo\u00a031 de enero\u00a0M\u00e9rida acoge la sexta edici\u00f3n de la \u201cRuta Monumental Octavio Augusto\u201d, prueba incluida en el\u00a0Circuito &#8216;Camina Extremadura 2016&#8216;. La caminata circular de 14,76 kil\u00f3metros est\u00e1 organizada por el\u00a0club de senderismo Em\u00e9rita Augusta\u00a0y con el patrocinio de la Direcci\u00f3n General de Deportes de la Junta de Extremadura, la Federaci\u00f3n Extreme\u00f1a de Monta\u00f1a y [&hellip;]<!-- AddThis Advanced Settings generic via filter on get_the_excerpt --><!-- AddThis Share Buttons generic via filter on get_the_excerpt --><\/p>\n","protected":false},"author":27,"featured_media":0,"comment_status":"open","ping_status":"closed","sticky":false,"template":"","format":"standard","meta":[],"categories":[3],"tags":[836,860,873,906],"_links":{"self":[{"href":"https:\/\/blogs.hoy.es\/senderosextremadura\/wp-json\/wp\/v2\/posts\/3579"}],"collection":[{"href":"https:\/\/blogs.hoy.es\/senderosextremadura\/wp-json\/wp\/v2\/posts"}],"about":[{"href":"https:\/\/blogs.hoy.es\/senderosextremadura\/wp-json\/wp\/v2\/types\/post"}],"author":[{"embeddable":true,"href":"https:\/\/blogs.hoy.es\/senderosextremadura\/wp-json\/wp\/v2\/users\/27"}],"replies":[{"embeddable":true,"href":"https:\/\/blogs.hoy.es\/senderosextremadura\/wp-json\/wp\/v2\/comments?post=3579"}],"version-history":[{"count":0,"href":"https:\/\/blogs.hoy.es\/senderosextremadura\/wp-json\/wp\/v2\/posts\/3579\/revisions"}],"wp:attachment":[{"href":"https:\/\/blogs.hoy.es\/senderosextremadura\/wp-json\/wp\/v2\/media?parent=3579"}],"wp:term":[{"taxonomy":"category","embeddable":true,"href":"https:\/\/blogs.hoy.es\/senderosextremadura\/wp-json\/wp\/v2\/categories?post=3579"},{"taxonomy":"post_tag","embeddable":true,"href":"https:\/\/blogs.hoy.es\/senderosextremadura\/wp-json\/wp\/v2\/tags?post=3579"}],"curies":[{"name":"wp","href":"https:\/\/api.w.org\/{rel}","templated":true}]}}