{"id":3581,"date":"2016-01-14T08:40:23","date_gmt":"2016-01-14T08:40:23","guid":{"rendered":"http:\/\/blogs.hoy.es\/senderosextremadura\/?p=3581"},"modified":"2016-01-14T08:40:23","modified_gmt":"2016-01-14T08:40:23","slug":"ruta-gratuita-del-club-del-caminante-a-las-minas-del-lopo-17-de-enero","status":"publish","type":"post","link":"https:\/\/blogs.hoy.es\/senderosextremadura\/2016\/01\/14\/ruta-gratuita-del-club-del-caminante-a-las-minas-del-lopo-17-de-enero\/","title":{"rendered":"Ruta gratuita del Club del Caminante a las minas del Lopo (17 de enero)"},"content":{"rendered":"<p>Este domingo 17 de enero, el <strong>Club del Caminante<\/strong> realiza este domingo una marcha a las minas del Lopo, en la capital pacense. La caminata de <strong>16 kil\u00f3metros y dificultad baja<\/strong> arrancar\u00e1 a las 9.30 horas en el ancla de la avenida de Huelva. Los participantes se dirigir\u00e1n <strong>caminando hacia el Puente der Palmas<\/strong>, el camino de Santa Engracia continuando despu\u00e9s por las <strong>antiguas minas del Lopo<\/strong>, para regresar por el Cortijo Villalobos y el Puente Real. <!--more--><br \/>\nSe trata de una actividad gratuita que no requiere actividad previa. M\u00e1s informaci\u00f3n, en la <a href=\"http:\/\/clubcaminantebadajoz.es\/\" target=\"_blank\" rel=\"external nofollow\">web del club<\/a>.<\/p>\n<div id=\"attachment_3582\" style=\"width: 610px\" class=\"wp-caption aligncenter\"><a href=\"https:\/\/blogs.hoy.es\/senderosextremadura\/\"><img aria-describedby=\"caption-attachment-3582\" loading=\"lazy\" class=\"size-large wp-image-3582\" title=\"\" src=\"\/senderosextremadura\/wp-content\/uploads\/sites\/22\/2016\/01\/club.jpg\" alt=\"\" width=\"600\" height=\"450\" srcset=\"https:\/\/static-blogs.hoy.es\/wp-content\/uploads\/sites\/22\/2016\/01\/club.jpg 960w, https:\/\/static-blogs.hoy.es\/wp-content\/uploads\/sites\/22\/2016\/01\/club-300x225.jpg 300w, https:\/\/static-blogs.hoy.es\/wp-content\/uploads\/sites\/22\/2016\/01\/club-768x576.jpg 768w, https:\/\/static-blogs.hoy.es\/wp-content\/uploads\/sites\/22\/2016\/01\/club-600x450.jpg 600w\" sizes=\"(max-width: 600px) 100vw, 600px\" \/><\/a><p id=\"caption-attachment-3582\" class=\"wp-caption-text\">Cartel de la marcha.<\/p><\/div>\n<!-- AddThis Advanced Settings generic via filter on the_content --><!-- AddThis Share Buttons generic via filter on the_content -->","protected":false},"excerpt":{"rendered":"<p>Este domingo 17 de enero, el Club del Caminante realiza este domingo una marcha a las minas del Lopo, en la capital pacense. La caminata de 16 kil\u00f3metros y dificultad baja arrancar\u00e1 a las 9.30 horas en el ancla de la avenida de Huelva. Los participantes se dirigir\u00e1n caminando hacia el Puente der Palmas, el [&hellip;]<!-- AddThis Advanced Settings generic via filter on get_the_excerpt --><!-- AddThis Share Buttons generic via filter on get_the_excerpt --><\/p>\n","protected":false},"author":27,"featured_media":0,"comment_status":"open","ping_status":"closed","sticky":false,"template":"","format":"standard","meta":[],"categories":[3],"tags":[214,792,817,906,1035],"_links":{"self":[{"href":"https:\/\/blogs.hoy.es\/senderosextremadura\/wp-json\/wp\/v2\/posts\/3581"}],"collection":[{"href":"https:\/\/blogs.hoy.es\/senderosextremadura\/wp-json\/wp\/v2\/posts"}],"about":[{"href":"https:\/\/blogs.hoy.es\/senderosextremadura\/wp-json\/wp\/v2\/types\/post"}],"author":[{"embeddable":true,"href":"https:\/\/blogs.hoy.es\/senderosextremadura\/wp-json\/wp\/v2\/users\/27"}],"replies":[{"embeddable":true,"href":"https:\/\/blogs.hoy.es\/senderosextremadura\/wp-json\/wp\/v2\/comments?post=3581"}],"version-history":[{"count":0,"href":"https:\/\/blogs.hoy.es\/senderosextremadura\/wp-json\/wp\/v2\/posts\/3581\/revisions"}],"wp:attachment":[{"href":"https:\/\/blogs.hoy.es\/senderosextremadura\/wp-json\/wp\/v2\/media?parent=3581"}],"wp:term":[{"taxonomy":"category","embeddable":true,"href":"https:\/\/blogs.hoy.es\/senderosextremadura\/wp-json\/wp\/v2\/categories?post=3581"},{"taxonomy":"post_tag","embeddable":true,"href":"https:\/\/blogs.hoy.es\/senderosextremadura\/wp-json\/wp\/v2\/tags?post=3581"}],"curies":[{"name":"wp","href":"https:\/\/api.w.org\/{rel}","templated":true}]}}