{"id":3584,"date":"2016-01-14T08:45:27","date_gmt":"2016-01-14T08:45:27","guid":{"rendered":"http:\/\/blogs.hoy.es\/senderosextremadura\/?p=3584"},"modified":"2016-01-14T08:45:27","modified_gmt":"2016-01-14T08:45:27","slug":"la-verea-presenta-su-calendario-senderista-para-2016","status":"publish","type":"post","link":"https:\/\/blogs.hoy.es\/senderosextremadura\/2016\/01\/14\/la-verea-presenta-su-calendario-senderista-para-2016\/","title":{"rendered":"La Verea presenta su calendario senderista para 2016"},"content":{"rendered":"<p>La asociaci\u00f3n senderista &#8216;La Verea&#8217; de Los Santos de Maimona ha presentado su nueva temporada de rutas para el 2016. El calendario incluye rutas y concentraciones senderistas tanto dentro como fuera de la localidad. La concentraci\u00f3n senderista &#8216;Maimona-Las Tres Sierras&#8217; se adelanta al 9 de octubre para evitar coincidir con la apertura de la temporada de caza y adem\u00e1s se anuncian dos rutas en colaboraci\u00f3n con otras asociaciones locales: la de diab\u00e9ticos y Eva-Beba.<\/p>\n<p><a href=\"https:\/\/blogs.hoy.es\/senderosextremadura\/\"><img loading=\"lazy\" class=\"aligncenter size-full wp-image-3585\" title=\"\" src=\"\/senderosextremadura\/wp-content\/uploads\/sites\/22\/2016\/01\/verea.jpg\" alt=\"\" width=\"575\" height=\"383\" srcset=\"https:\/\/static-blogs.hoy.es\/wp-content\/uploads\/sites\/22\/2016\/01\/verea.jpg 575w, https:\/\/static-blogs.hoy.es\/wp-content\/uploads\/sites\/22\/2016\/01\/verea-300x200.jpg 300w\" sizes=\"(max-width: 575px) 100vw, 575px\" \/><\/a><\/p>\n<p>&nbsp;<\/p>\n<p>Informa: Lucio Poves. <a href=\"http:\/\/lossantosdemaimona.hoy.es\/\" rel=\"external nofollow\">HOY Los Santos de Maimona.<\/a><\/p>\n<!-- AddThis Advanced Settings generic via filter on the_content --><!-- AddThis Share Buttons generic via filter on the_content -->","protected":false},"excerpt":{"rendered":"<p>La asociaci\u00f3n senderista &#8216;La Verea&#8217; de Los Santos de Maimona ha presentado su nueva temporada de rutas para el 2016. El calendario incluye rutas y concentraciones senderistas tanto dentro como fuera de la localidad. La concentraci\u00f3n senderista &#8216;Maimona-Las Tres Sierras&#8217; se adelanta al 9 de octubre para evitar coincidir con la apertura de la temporada [&hellip;]<!-- AddThis Advanced Settings generic via filter on get_the_excerpt --><!-- AddThis Share Buttons generic via filter on get_the_excerpt --><\/p>\n","protected":false},"author":27,"featured_media":0,"comment_status":"open","ping_status":"closed","sticky":false,"template":"","format":"standard","meta":[],"categories":[3],"tags":[817,873],"_links":{"self":[{"href":"https:\/\/blogs.hoy.es\/senderosextremadura\/wp-json\/wp\/v2\/posts\/3584"}],"collection":[{"href":"https:\/\/blogs.hoy.es\/senderosextremadura\/wp-json\/wp\/v2\/posts"}],"about":[{"href":"https:\/\/blogs.hoy.es\/senderosextremadura\/wp-json\/wp\/v2\/types\/post"}],"author":[{"embeddable":true,"href":"https:\/\/blogs.hoy.es\/senderosextremadura\/wp-json\/wp\/v2\/users\/27"}],"replies":[{"embeddable":true,"href":"https:\/\/blogs.hoy.es\/senderosextremadura\/wp-json\/wp\/v2\/comments?post=3584"}],"version-history":[{"count":0,"href":"https:\/\/blogs.hoy.es\/senderosextremadura\/wp-json\/wp\/v2\/posts\/3584\/revisions"}],"wp:attachment":[{"href":"https:\/\/blogs.hoy.es\/senderosextremadura\/wp-json\/wp\/v2\/media?parent=3584"}],"wp:term":[{"taxonomy":"category","embeddable":true,"href":"https:\/\/blogs.hoy.es\/senderosextremadura\/wp-json\/wp\/v2\/categories?post=3584"},{"taxonomy":"post_tag","embeddable":true,"href":"https:\/\/blogs.hoy.es\/senderosextremadura\/wp-json\/wp\/v2\/tags?post=3584"}],"curies":[{"name":"wp","href":"https:\/\/api.w.org\/{rel}","templated":true}]}}