{"id":359,"date":"2012-04-11T17:59:25","date_gmt":"2012-04-11T17:59:25","guid":{"rendered":"http:\/\/blogs.hoy.es\/senderosextremadura\/?p=359"},"modified":"2012-04-11T17:59:25","modified_gmt":"2012-04-11T17:59:25","slug":"tras-los-pasos-de-la-serrana-de-la-vera-15-de-abril","status":"publish","type":"post","link":"https:\/\/blogs.hoy.es\/senderosextremadura\/2012\/04\/11\/tras-los-pasos-de-la-serrana-de-la-vera-15-de-abril\/","title":{"rendered":"Tras los pasos de la Serrana de La Vera (15 de abril)"},"content":{"rendered":"<h2><a href=\"\/senderosextremadura\/wp-content\/uploads\/sites\/22\/2012\/04\/serrana.jpg\"><img loading=\"lazy\" class=\"alignleft size-full wp-image-360\" title=\"serrana\" src=\"\/senderosextremadura\/wp-content\/uploads\/sites\/22\/2012\/04\/serrana.jpg\" alt=\"\" width=\"272\" height=\"363\" srcset=\"https:\/\/static-blogs.hoy.es\/wp-content\/uploads\/sites\/22\/2012\/04\/serrana.jpg 720w, https:\/\/static-blogs.hoy.es\/wp-content\/uploads\/sites\/22\/2012\/04\/serrana-225x300.jpg 225w, https:\/\/static-blogs.hoy.es\/wp-content\/uploads\/sites\/22\/2012\/04\/serrana-600x800.jpg 600w\" sizes=\"(max-width: 272px) 100vw, 272px\" \/><\/a>El <strong>Club del Caminante de Badajoz<\/strong> se marcha este domingo d\u00eda 15 al norte de C\u00e1ceres\u00a0para hacer la atractiva ruta &#8220;La Serrana de la Vera&#8221;. Se trata de un recorrido unos 19 kil\u00f3metros. Discurre entre\u00a0Piornal, el pueblo m\u00e1s alto de Extremadura, a 1.190 metrosde altitud, y Gargantala Olla. Los caminantes cruzar\u00e1n por tanto desde el Valle del Jerte\u00a0a la comarca dela Vera.<\/h2>\n<h2>M\u00e1s informaci\u00f3n en las oficinas del club, solo martes y jueves tel\u00e9fono 924223228 y en el m\u00f3vil 639911512 y en la web\u00a0<a href=\"http:\/\/www.clubcaminantebadajoz.com\/\" rel=\"external nofollow\">www.clubcaminantebadajoz.com\/<\/a><\/h2>\n<!-- AddThis Advanced Settings generic via filter on the_content --><!-- AddThis Share Buttons generic via filter on the_content -->","protected":false},"excerpt":{"rendered":"<p>El Club del Caminante de Badajoz se marcha este domingo d\u00eda 15 al norte de C\u00e1ceres\u00a0para hacer la atractiva ruta &#8220;La Serrana de la Vera&#8221;. Se trata de un recorrido unos 19 kil\u00f3metros. Discurre entre\u00a0Piornal, el pueblo m\u00e1s alto de Extremadura, a 1.190 metrosde altitud, y Gargantala Olla. Los caminantes cruzar\u00e1n por tanto desde el [&hellip;]<!-- AddThis Advanced Settings generic via filter on get_the_excerpt --><!-- AddThis Share Buttons generic via filter on get_the_excerpt --><\/p>\n","protected":false},"author":27,"featured_media":0,"comment_status":"open","ping_status":"closed","sticky":false,"template":"","format":"standard","meta":[],"categories":[4],"tags":[230,301,345,636,713,1072],"_links":{"self":[{"href":"https:\/\/blogs.hoy.es\/senderosextremadura\/wp-json\/wp\/v2\/posts\/359"}],"collection":[{"href":"https:\/\/blogs.hoy.es\/senderosextremadura\/wp-json\/wp\/v2\/posts"}],"about":[{"href":"https:\/\/blogs.hoy.es\/senderosextremadura\/wp-json\/wp\/v2\/types\/post"}],"author":[{"embeddable":true,"href":"https:\/\/blogs.hoy.es\/senderosextremadura\/wp-json\/wp\/v2\/users\/27"}],"replies":[{"embeddable":true,"href":"https:\/\/blogs.hoy.es\/senderosextremadura\/wp-json\/wp\/v2\/comments?post=359"}],"version-history":[{"count":0,"href":"https:\/\/blogs.hoy.es\/senderosextremadura\/wp-json\/wp\/v2\/posts\/359\/revisions"}],"wp:attachment":[{"href":"https:\/\/blogs.hoy.es\/senderosextremadura\/wp-json\/wp\/v2\/media?parent=359"}],"wp:term":[{"taxonomy":"category","embeddable":true,"href":"https:\/\/blogs.hoy.es\/senderosextremadura\/wp-json\/wp\/v2\/categories?post=359"},{"taxonomy":"post_tag","embeddable":true,"href":"https:\/\/blogs.hoy.es\/senderosextremadura\/wp-json\/wp\/v2\/tags?post=359"}],"curies":[{"name":"wp","href":"https:\/\/api.w.org\/{rel}","templated":true}]}}