{"id":3590,"date":"2016-01-19T16:55:57","date_gmt":"2016-01-19T16:55:57","guid":{"rendered":"http:\/\/blogs.hoy.es\/senderosextremadura\/?p=3590"},"modified":"2016-01-19T16:55:57","modified_gmt":"2016-01-19T16:55:57","slug":"penas-blancas-presenta-su-nueva-temporada-de-rutas","status":"publish","type":"post","link":"https:\/\/blogs.hoy.es\/senderosextremadura\/2016\/01\/19\/penas-blancas-presenta-su-nueva-temporada-de-rutas\/","title":{"rendered":"Pe\u00f1as Blancas presenta su nueva temporada de rutas"},"content":{"rendered":"<p>PEDRO ESPINOSA | Unos 350 kil\u00f3metros recorrer\u00e1n los senderistas de la asociaci\u00f3n local durante la temporada que se dio a conocer ayer en la asamblea celebrada en la Casa de la Cultura de la localidad a la cual asisti\u00f3 un n\u00famero considerable de socios.<!--more--><\/p>\n<p>El calendario comprende una veintena de rutas por toda la comunidad extreme\u00f1a y parte de la provincia de Huelva con diferentes niveles de dificultad y recorridos de gran inter\u00e9s.<\/p>\n<p>Las Hurdes, La Vera, Las Villuercas, el valle del Ambroz o las minas de Riotinto son algunos de los destinos que los senderistas visitar\u00e1n a lo largo de la presente temporada.<\/p>\n<p>El club, que en la actualidad cuenta con 150 socios, realizar\u00e1, adem\u00e1s, algunas rutas por la comarca, destacando una ruta peregrina con motivo del cincuenta aniversario de la Virgen de las Nieves y la XII edici\u00f3n de la ruta Pe\u00f1as Blancas el d\u00eda 6 de marzo que se celebrar\u00e1n en la propia localidad.<\/p>\n<!-- AddThis Advanced Settings generic via filter on the_content --><!-- AddThis Share Buttons generic via filter on the_content -->","protected":false},"excerpt":{"rendered":"<p>PEDRO ESPINOSA | Unos 350 kil\u00f3metros recorrer\u00e1n los senderistas de la asociaci\u00f3n local durante la temporada que se dio a conocer ayer en la asamblea celebrada en la Casa de la Cultura de la localidad a la cual asisti\u00f3 un n\u00famero considerable de socios.<!-- AddThis Advanced Settings generic via filter on get_the_excerpt --><!-- AddThis Share Buttons generic via filter on get_the_excerpt --><\/p>\n","protected":false},"author":27,"featured_media":0,"comment_status":"open","ping_status":"closed","sticky":false,"template":"","format":"standard","meta":[],"categories":[3],"tags":[20,301,817,821,906],"_links":{"self":[{"href":"https:\/\/blogs.hoy.es\/senderosextremadura\/wp-json\/wp\/v2\/posts\/3590"}],"collection":[{"href":"https:\/\/blogs.hoy.es\/senderosextremadura\/wp-json\/wp\/v2\/posts"}],"about":[{"href":"https:\/\/blogs.hoy.es\/senderosextremadura\/wp-json\/wp\/v2\/types\/post"}],"author":[{"embeddable":true,"href":"https:\/\/blogs.hoy.es\/senderosextremadura\/wp-json\/wp\/v2\/users\/27"}],"replies":[{"embeddable":true,"href":"https:\/\/blogs.hoy.es\/senderosextremadura\/wp-json\/wp\/v2\/comments?post=3590"}],"version-history":[{"count":0,"href":"https:\/\/blogs.hoy.es\/senderosextremadura\/wp-json\/wp\/v2\/posts\/3590\/revisions"}],"wp:attachment":[{"href":"https:\/\/blogs.hoy.es\/senderosextremadura\/wp-json\/wp\/v2\/media?parent=3590"}],"wp:term":[{"taxonomy":"category","embeddable":true,"href":"https:\/\/blogs.hoy.es\/senderosextremadura\/wp-json\/wp\/v2\/categories?post=3590"},{"taxonomy":"post_tag","embeddable":true,"href":"https:\/\/blogs.hoy.es\/senderosextremadura\/wp-json\/wp\/v2\/tags?post=3590"}],"curies":[{"name":"wp","href":"https:\/\/api.w.org\/{rel}","templated":true}]}}