{"id":3592,"date":"2016-01-19T17:29:39","date_gmt":"2016-01-19T17:29:39","guid":{"rendered":"http:\/\/blogs.hoy.es\/senderosextremadura\/?p=3592"},"modified":"2016-01-19T17:29:39","modified_gmt":"2016-01-19T17:29:39","slug":"la-asociacion-arsa-zalamea-presenta-el-calendario-senderista-para-2016","status":"publish","type":"post","link":"https:\/\/blogs.hoy.es\/senderosextremadura\/2016\/01\/19\/la-asociacion-arsa-zalamea-presenta-el-calendario-senderista-para-2016\/","title":{"rendered":"La Asociaci\u00f3n Arsa Zalamea presenta el calendario senderista para 2016"},"content":{"rendered":"<div id=\"attachment_3593\" style=\"width: 610px\" class=\"wp-caption aligncenter\"><a href=\"https:\/\/blogs.hoy.es\/senderosextremadura\/\"><img aria-describedby=\"caption-attachment-3593\" loading=\"lazy\" class=\"size-large wp-image-3593\" title=\"\" src=\"\/senderosextremadura\/wp-content\/uploads\/sites\/22\/2016\/01\/IMG_8613.jpg\" alt=\"\" width=\"600\" height=\"450\" srcset=\"https:\/\/static-blogs.hoy.es\/wp-content\/uploads\/sites\/22\/2016\/01\/IMG_8613.jpg 1600w, https:\/\/static-blogs.hoy.es\/wp-content\/uploads\/sites\/22\/2016\/01\/IMG_8613-300x225.jpg 300w, https:\/\/static-blogs.hoy.es\/wp-content\/uploads\/sites\/22\/2016\/01\/IMG_8613-768x576.jpg 768w, https:\/\/static-blogs.hoy.es\/wp-content\/uploads\/sites\/22\/2016\/01\/IMG_8613-600x450.jpg 600w\" sizes=\"(max-width: 600px) 100vw, 600px\" \/><\/a><p id=\"caption-attachment-3593\" class=\"wp-caption-text\">Miembros de Arsa Zalamea, en una de sus rutas por la regi\u00f3n.<\/p><\/div>\n<p>La agrupaci\u00f3n senderista Arsa Zalamea marcaba el arranque de la temporada con la visita a la Sierra de los Pollos dentro de la original ruta &#8216;La hu\u00edda de Viriato&#8217;.\u00a0Con vistas a un nuevo a\u00f1o cargado de objetivos y muchos senderos que recorrer, la directiva del club hace un peque\u00f1o balance sobre las impresiones y resultados obtenidos en el reci\u00e9n concluido 2015. Lo consideran perfecto en cuanto a participaci\u00f3n y metas logradas. Afirman que guardan magn\u00edficos recuerdos de todas las rutas, pero hacen especial hincapi\u00e9 en la realizada el pasado enero de 2015 en Pinofranqueado, donde comenz\u00f3 a nevar y pocos fueron los que pudieron terminarla. A\u00f1aden desde la directiva que en esos momentos tan dif\u00edciles emana el compa\u00f1erismo y la solidaridad entre los senderistas.<!--more--><br \/>\nPor otro lado, quieren destacar y agradecer la participaci\u00f3n y colaboraci\u00f3n de los socios, personas a las que consideran imprescindibles, tambi\u00e9n de los establecimientos ilipenses, y por \u00faltimo de aquellas personas que, movidas por el af\u00e1n de caminar y descubrir la historia de la tierra, han acompa\u00f1ado a esta asociaci\u00f3n en m\u00e1s de una ruta.<br \/>\nDe igual manera, sugieren para este a\u00f1o un matiz de originalidad en la presentaci\u00f3n y consecuci\u00f3n de los trayectos propuestos. As\u00ed como la gran mayor\u00eda tienen un contenido cultural e incluyen lugares trascendentales para visitar, pretenden desde la asociaci\u00f3n usar estos detalles hist\u00f3ricos para atraer la atenci\u00f3n de los m\u00e1s curiosos, y que se unan a las rutas para conocer los rincones de la geograf\u00eda extreme\u00f1a.<br \/>\nAsimismo, plantean para el 2016 un calendario de actividades lleno de nuevos retos. Por primera vez Arsa va a organizar el 14 de febrero una ruta dedicada a los enamorados. Otro de los encuentros que destacan en este a\u00f1o es la denominada \u00b4ruta extreme\u00f1a\u00b4. Aqu\u00ed los participantes, vestidos como aut\u00e9nticos pastores extreme\u00f1os, ir\u00e1n en burro hacia la sierra provistos de tiendas de campa\u00f1a y v\u00edveres para pasar all\u00ed la noche.<br \/>\nA\u00f1aden desde la organizaci\u00f3n, que el precio simb\u00f3lico para inscribirse como socio es de 6 euros y te obsequian con la camiseta de la asociaci\u00f3n. Con la adhesi\u00f3n reciente de otras cinco personas, ya son cerca de 360 socios los que forman parte de esta familia senderista. Destacan que adem\u00e1s de ilipenses, tambi\u00e9n hay socios procedentes de Badajoz, Almendralejo, M\u00e9rida, Don Benito, Villanueva, Castuera, Higuera, Quintana y Campanario.<br \/>\nTras visitar la Sierra de los Pollos, el pr\u00f3ximo domingo 24 la asociaci\u00f3n se dirigir\u00e1 hacia la Sierra de Gredos.<\/p>\n<p>Fuente: Mar\u00eda Fortuna, HOYZalamea.<\/p>\n<!-- AddThis Advanced Settings generic via filter on the_content --><!-- AddThis Share Buttons generic via filter on the_content -->","protected":false},"excerpt":{"rendered":"<p>La agrupaci\u00f3n senderista Arsa Zalamea marcaba el arranque de la temporada con la visita a la Sierra de los Pollos dentro de la original ruta &#8216;La hu\u00edda de Viriato&#8217;.\u00a0Con vistas a un nuevo a\u00f1o cargado de objetivos y muchos senderos que recorrer, la directiva del club hace un peque\u00f1o balance sobre las impresiones y resultados [&hellip;]<!-- AddThis Advanced Settings generic via filter on get_the_excerpt --><!-- AddThis Share Buttons generic via filter on get_the_excerpt --><\/p>\n","protected":false},"author":27,"featured_media":0,"comment_status":"open","ping_status":"closed","sticky":false,"template":"","format":"standard","meta":[],"categories":[3],"tags":[66,817,869,906,1035],"_links":{"self":[{"href":"https:\/\/blogs.hoy.es\/senderosextremadura\/wp-json\/wp\/v2\/posts\/3592"}],"collection":[{"href":"https:\/\/blogs.hoy.es\/senderosextremadura\/wp-json\/wp\/v2\/posts"}],"about":[{"href":"https:\/\/blogs.hoy.es\/senderosextremadura\/wp-json\/wp\/v2\/types\/post"}],"author":[{"embeddable":true,"href":"https:\/\/blogs.hoy.es\/senderosextremadura\/wp-json\/wp\/v2\/users\/27"}],"replies":[{"embeddable":true,"href":"https:\/\/blogs.hoy.es\/senderosextremadura\/wp-json\/wp\/v2\/comments?post=3592"}],"version-history":[{"count":0,"href":"https:\/\/blogs.hoy.es\/senderosextremadura\/wp-json\/wp\/v2\/posts\/3592\/revisions"}],"wp:attachment":[{"href":"https:\/\/blogs.hoy.es\/senderosextremadura\/wp-json\/wp\/v2\/media?parent=3592"}],"wp:term":[{"taxonomy":"category","embeddable":true,"href":"https:\/\/blogs.hoy.es\/senderosextremadura\/wp-json\/wp\/v2\/categories?post=3592"},{"taxonomy":"post_tag","embeddable":true,"href":"https:\/\/blogs.hoy.es\/senderosextremadura\/wp-json\/wp\/v2\/tags?post=3592"}],"curies":[{"name":"wp","href":"https:\/\/api.w.org\/{rel}","templated":true}]}}