{"id":3598,"date":"2016-01-23T17:36:22","date_gmt":"2016-01-23T17:36:22","guid":{"rendered":"http:\/\/blogs.hoy.es\/senderosextremadura\/?p=3598"},"modified":"2016-01-23T17:36:22","modified_gmt":"2016-01-23T17:36:22","slug":"higuera-la-real-convoca-la-viii-ruta-senderista-de-los-celtas","status":"publish","type":"post","link":"https:\/\/blogs.hoy.es\/senderosextremadura\/2016\/01\/23\/higuera-la-real-convoca-la-viii-ruta-senderista-de-los-celtas\/","title":{"rendered":"Higuera la Real convoca la VIII Ruta Senderista de Los Celtas"},"content":{"rendered":"<p><a href=\"https:\/\/blogs.hoy.es\/senderosextremadura\/\"><img loading=\"lazy\" class=\"aligncenter size-large wp-image-3599\" title=\"\" src=\"\/senderosextremadura\/wp-content\/uploads\/sites\/22\/2016\/01\/celtas.jpg\" alt=\"\" width=\"600\" height=\"392\" srcset=\"https:\/\/static-blogs.hoy.es\/wp-content\/uploads\/sites\/22\/2016\/01\/celtas.jpg 1377w, https:\/\/static-blogs.hoy.es\/wp-content\/uploads\/sites\/22\/2016\/01\/celtas-300x196.jpg 300w, https:\/\/static-blogs.hoy.es\/wp-content\/uploads\/sites\/22\/2016\/01\/celtas-768x502.jpg 768w, https:\/\/static-blogs.hoy.es\/wp-content\/uploads\/sites\/22\/2016\/01\/celtas-600x392.jpg 600w\" sizes=\"(max-width: 600px) 100vw, 600px\" \/><\/a><\/p>\n<p>La Asociaci\u00f3n de Senderismo Ablonios, de Higuera la Real, mantiene abierto el plazo de inscripciones para participar en la Ruta Senderista de Los Celtas que alcanza en 2016 su octava edici\u00f3n.<\/p>\n<p>Una convocatoria que establece en esta oportunidad un recorrido en dos opciones, sobre quince o veintitr\u00e9s kil\u00f3metros de dificultad media, que, en todo caso permitir\u00e1n profundizar en el rico patrimonio cultural de la localidad.<!--more--><\/p>\n<p>Partiendo de calles y plazas que ofrecer\u00e1n a los participantes la posibilidad de disfrutar de espacios como la iglesia parroquial de Santa Catalina, la iglesia de San Bartolom\u00e9, los ermitas del Socorro y el Loreto o el Centro de Interpretaci\u00f3n del Cerdo Ib\u00e9rico; emprender el camino hacia un entorno natural de primer nivel, entre encinas y alcornoques, transitando por hermosos parajes de las dehesas del sur.<\/p>\n<div id=\"roba_cintillo\">\u00a0Un recorrido que aproxima sus pasos hasta el Centro de Interpretaci\u00f3n del Castrej\u00f3n Celta de Capote, uno de los espacios m\u00e1s emblem\u00e1ticos y destacados de Higuera la Real, testigo de la historia misma de los antiguos moradores de estas tierras.<\/div>\n<p>Las inscripciones se producir\u00e1n hasta el d\u00eda once, por importe de tres euros que se abonar\u00e1n en la salida, incluyendo el recorrido: desayuno, dos avituallamientos y comida final, sorte\u00e1ndose regalos entre todos los inscritos.<\/p>\n<p>La salida ser\u00e1 a las nueve de la ma\u00f1ana del domingo d\u00eda catorce de febrero y junto a la organizaci\u00f3n del Club de Senderismo Ablonios, colaboran el Ayuntamiento de Higuera la Real y un buen n\u00famero de casas comerciales y empresas de la localidad.<\/p>\n<p>Fuente: Juan Ignacio M\u00e1rquez, HOYFregenal.<\/p>\n<!-- AddThis Advanced Settings generic via filter on the_content --><!-- AddThis Share Buttons generic via filter on the_content -->","protected":false},"excerpt":{"rendered":"<p>La Asociaci\u00f3n de Senderismo Ablonios, de Higuera la Real, mantiene abierto el plazo de inscripciones para participar en la Ruta Senderista de Los Celtas que alcanza en 2016 su octava edici\u00f3n. Una convocatoria que establece en esta oportunidad un recorrido en dos opciones, sobre quince o veintitr\u00e9s kil\u00f3metros de dificultad media, que, en todo caso [&hellip;]<!-- AddThis Advanced Settings generic via filter on get_the_excerpt --><!-- AddThis Share Buttons generic via filter on get_the_excerpt --><\/p>\n","protected":false},"author":27,"featured_media":0,"comment_status":"open","ping_status":"closed","sticky":false,"template":"","format":"standard","meta":[],"categories":[3],"tags":[385,836,873,910,1035],"_links":{"self":[{"href":"https:\/\/blogs.hoy.es\/senderosextremadura\/wp-json\/wp\/v2\/posts\/3598"}],"collection":[{"href":"https:\/\/blogs.hoy.es\/senderosextremadura\/wp-json\/wp\/v2\/posts"}],"about":[{"href":"https:\/\/blogs.hoy.es\/senderosextremadura\/wp-json\/wp\/v2\/types\/post"}],"author":[{"embeddable":true,"href":"https:\/\/blogs.hoy.es\/senderosextremadura\/wp-json\/wp\/v2\/users\/27"}],"replies":[{"embeddable":true,"href":"https:\/\/blogs.hoy.es\/senderosextremadura\/wp-json\/wp\/v2\/comments?post=3598"}],"version-history":[{"count":0,"href":"https:\/\/blogs.hoy.es\/senderosextremadura\/wp-json\/wp\/v2\/posts\/3598\/revisions"}],"wp:attachment":[{"href":"https:\/\/blogs.hoy.es\/senderosextremadura\/wp-json\/wp\/v2\/media?parent=3598"}],"wp:term":[{"taxonomy":"category","embeddable":true,"href":"https:\/\/blogs.hoy.es\/senderosextremadura\/wp-json\/wp\/v2\/categories?post=3598"},{"taxonomy":"post_tag","embeddable":true,"href":"https:\/\/blogs.hoy.es\/senderosextremadura\/wp-json\/wp\/v2\/tags?post=3598"}],"curies":[{"name":"wp","href":"https:\/\/api.w.org\/{rel}","templated":true}]}}