{"id":3602,"date":"2016-02-11T07:55:51","date_gmt":"2016-02-11T07:55:51","guid":{"rendered":"http:\/\/blogs.hoy.es\/senderosextremadura\/?p=3602"},"modified":"2016-02-11T07:55:51","modified_gmt":"2016-02-11T07:55:51","slug":"ruta-por-el-jardin-botanico-de-la-sierra-de-berzocana-14-de-febrero","status":"publish","type":"post","link":"https:\/\/blogs.hoy.es\/senderosextremadura\/2016\/02\/11\/ruta-por-el-jardin-botanico-de-la-sierra-de-berzocana-14-de-febrero\/","title":{"rendered":"Ruta por el jard\u00edn bot\u00e1nico de la Sierra de Berzocana (14 de febrero)"},"content":{"rendered":"<p><a href=\"https:\/\/blogs.hoy.es\/senderosextremadura\/\"><img loading=\"lazy\" class=\"aligncenter size-large wp-image-3603\" title=\"\" src=\"\/senderosextremadura\/wp-content\/uploads\/sites\/22\/2016\/02\/berzocana._xoptimizadax.jpg\" alt=\"\" width=\"600\" height=\"400\" srcset=\"https:\/\/static-blogs.hoy.es\/wp-content\/uploads\/sites\/22\/2016\/02\/berzocana._xoptimizadax.jpg 900w, https:\/\/static-blogs.hoy.es\/wp-content\/uploads\/sites\/22\/2016\/02\/berzocana._xoptimizadax-300x200.jpg 300w, https:\/\/static-blogs.hoy.es\/wp-content\/uploads\/sites\/22\/2016\/02\/berzocana._xoptimizadax-768x512.jpg 768w, https:\/\/static-blogs.hoy.es\/wp-content\/uploads\/sites\/22\/2016\/02\/berzocana._xoptimizadax-600x400.jpg 600w\" sizes=\"(max-width: 600px) 100vw, 600px\" \/><\/a><\/p>\n<p>Para este fin de semana Rutas por Extremadura propone una marcha por el <strong>Geoparque Villuercas Ibores Jara<\/strong>. Se trata de una visita al Parque de Ocio, Naturaleza y Arte Rupestre de la <strong>Sierra de Berzocana, <\/strong>uno de los espacios mas espectaculares del Geoparque.<!--more-->El visitante puede disfrutar en estos parajes de pinturas rupestres, cuevas, \u00eddolos megal\u00edticos e incluso de un jard\u00edn bot\u00e1nico. \u00a0Y todo ello a 1.000 metros de altura, entre bosques de robles, casta\u00f1os, alcornoques&#8230; La marcha arrancar\u00e1 este domingo 14 de febrero, a las 10.30 horas en la Plaza de Berzocana. La inscripci\u00f3n tiene un coste de cinco euros y puedes inscribirte <strong>llamando al 636998462<\/strong>. La organizaci\u00f3n invitar\u00e1 despu\u00e9s a un refresco.<\/p>\n<p>&nbsp;<\/p>\n<!-- AddThis Advanced Settings generic via filter on the_content --><!-- AddThis Share Buttons generic via filter on the_content -->","protected":false},"excerpt":{"rendered":"<p>Para este fin de semana Rutas por Extremadura propone una marcha por el Geoparque Villuercas Ibores Jara. Se trata de una visita al Parque de Ocio, Naturaleza y Arte Rupestre de la Sierra de Berzocana, uno de los espacios mas espectaculares del Geoparque.<!-- AddThis Advanced Settings generic via filter on get_the_excerpt --><!-- AddThis Share Buttons generic via filter on get_the_excerpt --><\/p>\n","protected":false},"author":27,"featured_media":0,"comment_status":"open","ping_status":"closed","sticky":false,"template":"","format":"standard","meta":[],"categories":[3],"tags":[101,350,821,836,906,1099],"_links":{"self":[{"href":"https:\/\/blogs.hoy.es\/senderosextremadura\/wp-json\/wp\/v2\/posts\/3602"}],"collection":[{"href":"https:\/\/blogs.hoy.es\/senderosextremadura\/wp-json\/wp\/v2\/posts"}],"about":[{"href":"https:\/\/blogs.hoy.es\/senderosextremadura\/wp-json\/wp\/v2\/types\/post"}],"author":[{"embeddable":true,"href":"https:\/\/blogs.hoy.es\/senderosextremadura\/wp-json\/wp\/v2\/users\/27"}],"replies":[{"embeddable":true,"href":"https:\/\/blogs.hoy.es\/senderosextremadura\/wp-json\/wp\/v2\/comments?post=3602"}],"version-history":[{"count":0,"href":"https:\/\/blogs.hoy.es\/senderosextremadura\/wp-json\/wp\/v2\/posts\/3602\/revisions"}],"wp:attachment":[{"href":"https:\/\/blogs.hoy.es\/senderosextremadura\/wp-json\/wp\/v2\/media?parent=3602"}],"wp:term":[{"taxonomy":"category","embeddable":true,"href":"https:\/\/blogs.hoy.es\/senderosextremadura\/wp-json\/wp\/v2\/categories?post=3602"},{"taxonomy":"post_tag","embeddable":true,"href":"https:\/\/blogs.hoy.es\/senderosextremadura\/wp-json\/wp\/v2\/tags?post=3602"}],"curies":[{"name":"wp","href":"https:\/\/api.w.org\/{rel}","templated":true}]}}