{"id":3605,"date":"2016-02-11T08:02:37","date_gmt":"2016-02-11T08:02:37","guid":{"rendered":"http:\/\/blogs.hoy.es\/senderosextremadura\/?p=3605"},"modified":"2016-02-11T08:02:37","modified_gmt":"2016-02-11T08:02:37","slug":"entre-sierras-robles-y-castanos-de-garciaz-28-de-febrero","status":"publish","type":"post","link":"https:\/\/blogs.hoy.es\/senderosextremadura\/2016\/02\/11\/entre-sierras-robles-y-castanos-de-garciaz-28-de-febrero\/","title":{"rendered":"Entre sierras, robles y casta\u00f1os de Garciaz (28 de febrero)"},"content":{"rendered":"<div id=\"attachment_3606\" style=\"width: 610px\" class=\"wp-caption aligncenter\"><a href=\"https:\/\/blogs.hoy.es\/senderosextremadura\/2016\/02\/11\/entre-sierras-robles-y-castanos-de-garciaz-28-de-febrero\/garciaz-3\/\" rel=\"attachment wp-att-3606\"><img aria-describedby=\"caption-attachment-3606\" loading=\"lazy\" class=\"size-large wp-image-3606\" title=\"\" src=\"\/senderosextremadura\/wp-content\/uploads\/sites\/22\/2016\/02\/garciaz.jpg\" alt=\"\" width=\"600\" height=\"450\" srcset=\"https:\/\/static-blogs.hoy.es\/wp-content\/uploads\/sites\/22\/2016\/02\/garciaz.jpg 760w, https:\/\/static-blogs.hoy.es\/wp-content\/uploads\/sites\/22\/2016\/02\/garciaz-300x225.jpg 300w, https:\/\/static-blogs.hoy.es\/wp-content\/uploads\/sites\/22\/2016\/02\/garciaz-600x450.jpg 600w\" sizes=\"(max-width: 600px) 100vw, 600px\" \/><\/a><p id=\"caption-attachment-3606\" class=\"wp-caption-text\">Paraje de Garciaz:: HOY<\/p><\/div>\n<p>El domingo 28 de febrero se celebra en Garciaz la <strong>III Ruta Entre Sierras, Robles y Casta\u00f1os<\/strong>, una prueba incluida en el <a href=\"https:\/\/blogs.hoy.es\/senderosextremadura\/2016\/01\/04\/todas-las-rutas-del-circuito-caminta-extremadura-2016\/\" target=\"_blank\">Circuito Camina Extremadura 2016<\/a>. La marcha arrancar\u00e1 a\u00a0las 9 de la ma\u00f1ana en la Plaza de Espa\u00f1a de la localidad cacere\u00f1a. \u00a0Se trata de una ruta de dificultad media con una duraci\u00f3n de 17,7 Km.<!--more--><\/p>\n<p>En torno a la caminata se ha organizado un concurso fotogr\u00e1fico, talleres y juegos para los m\u00e1s peque\u00f1os, adem\u00e1s de la degustaci\u00f3n de productos extreme\u00f1os, una exposici\u00f3n de artesan\u00eda.<\/p>\n<p>El plazo de inscripci\u00f3n termina el d\u00eda 19 de febrero del 2016, y para tramitar la misma, se puede llamar al\u00a0927332059 o enviar un email a c<a href=\"mailto:comisiondefestejosdegarciaz@gmail.com\">omisiondefestejosdegarciaz@gmail.com<\/a>. El coste es de tres euros para senderistas federados y de cinco para no federados.<\/p>\n<p>La actividad est\u00e1 organizada por la Comisi\u00f3n de Festejos de Garciaz y el servicio de dinamizaci\u00f3n deportiva de la Mancomunidad de municipios Comarca de Trujillo y con el patrocinio de la Direcci\u00f3n General de Deportes de la Junta de Extremadura, la Federaci\u00f3n Extreme\u00f1a de Monta\u00f1a y Escalada\u201d (FEXME), el Ayuntamiento de Garciaz, la Fundaci\u00f3n J\u00f3venes y Deporte, Organics, y otras instituciones.<\/p>\n<p>&nbsp;<\/p>\n<!-- AddThis Advanced Settings generic via filter on the_content --><!-- AddThis Share Buttons generic via filter on the_content -->","protected":false},"excerpt":{"rendered":"<p>El domingo 28 de febrero se celebra en Garciaz la III Ruta Entre Sierras, Robles y Casta\u00f1os, una prueba incluida en el Circuito Camina Extremadura 2016. La marcha arrancar\u00e1 a\u00a0las 9 de la ma\u00f1ana en la Plaza de Espa\u00f1a de la localidad cacere\u00f1a. \u00a0Se trata de una ruta de dificultad media con una duraci\u00f3n de [&hellip;]<!-- AddThis Advanced Settings generic via filter on get_the_excerpt --><!-- AddThis Share Buttons generic via filter on get_the_excerpt --><\/p>\n","protected":false},"author":27,"featured_media":0,"comment_status":"open","ping_status":"closed","sticky":false,"template":"","format":"standard","meta":[],"categories":[3],"tags":[337,821,906,1035],"_links":{"self":[{"href":"https:\/\/blogs.hoy.es\/senderosextremadura\/wp-json\/wp\/v2\/posts\/3605"}],"collection":[{"href":"https:\/\/blogs.hoy.es\/senderosextremadura\/wp-json\/wp\/v2\/posts"}],"about":[{"href":"https:\/\/blogs.hoy.es\/senderosextremadura\/wp-json\/wp\/v2\/types\/post"}],"author":[{"embeddable":true,"href":"https:\/\/blogs.hoy.es\/senderosextremadura\/wp-json\/wp\/v2\/users\/27"}],"replies":[{"embeddable":true,"href":"https:\/\/blogs.hoy.es\/senderosextremadura\/wp-json\/wp\/v2\/comments?post=3605"}],"version-history":[{"count":0,"href":"https:\/\/blogs.hoy.es\/senderosextremadura\/wp-json\/wp\/v2\/posts\/3605\/revisions"}],"wp:attachment":[{"href":"https:\/\/blogs.hoy.es\/senderosextremadura\/wp-json\/wp\/v2\/media?parent=3605"}],"wp:term":[{"taxonomy":"category","embeddable":true,"href":"https:\/\/blogs.hoy.es\/senderosextremadura\/wp-json\/wp\/v2\/categories?post=3605"},{"taxonomy":"post_tag","embeddable":true,"href":"https:\/\/blogs.hoy.es\/senderosextremadura\/wp-json\/wp\/v2\/tags?post=3605"}],"curies":[{"name":"wp","href":"https:\/\/api.w.org\/{rel}","templated":true}]}}