{"id":3611,"date":"2016-02-11T08:27:50","date_gmt":"2016-02-11T08:27:50","guid":{"rendered":"http:\/\/blogs.hoy.es\/senderosextremadura\/?p=3611"},"modified":"2016-02-11T08:27:50","modified_gmt":"2016-02-11T08:27:50","slug":"ruta-de-los-enamorados-en-cheles-14-de-febrero","status":"publish","type":"post","link":"https:\/\/blogs.hoy.es\/senderosextremadura\/2016\/02\/11\/ruta-de-los-enamorados-en-cheles-14-de-febrero\/","title":{"rendered":"Ruta de los Enamorados en Cheles (14 de febrero)"},"content":{"rendered":"<p><a href=\"https:\/\/blogs.hoy.es\/senderosextremadura\/\"><img loading=\"lazy\" class=\"aligncenter size-full wp-image-3614\" title=\"\" src=\"\/senderosextremadura\/wp-content\/uploads\/sites\/22\/2016\/02\/cheles.jpg\" alt=\"\" width=\"600\" height=\"450\" \/><\/a><\/p>\n<p>Este domingo 14 se celebra la Ruta de los Enamorados de Cheles. Se trata de una marcha de 16 kil\u00f3metros por el Cerro de la Mora. Los organizadores describen la marcha como una caminata por paisajes v\u00edrgenes y silenciosos de los campos fronterizos de Cheles. Tras finalizar la ruta mediante inscripci\u00f3n gratuita, tras la actividad se degustar\u00e1 cocina tradicional en Balc\u00f3n de Alqueva (Playa de Cheles).<\/p>\n<!-- AddThis Advanced Settings generic via filter on the_content --><!-- AddThis Share Buttons generic via filter on the_content -->","protected":false},"excerpt":{"rendered":"<p>Este domingo 14 se celebra la Ruta de los Enamorados de Cheles. Se trata de una marcha de 16 kil\u00f3metros por el Cerro de la Mora. Los organizadores describen la marcha como una caminata por paisajes v\u00edrgenes y silenciosos de los campos fronterizos de Cheles. Tras finalizar la ruta mediante inscripci\u00f3n gratuita, tras la actividad [&hellip;]<!-- AddThis Advanced Settings generic via filter on get_the_excerpt --><!-- AddThis Share Buttons generic via filter on get_the_excerpt --><\/p>\n","protected":false},"author":27,"featured_media":0,"comment_status":"open","ping_status":"closed","sticky":false,"template":"","format":"standard","meta":[],"categories":[3],"tags":[204,817,846,906],"_links":{"self":[{"href":"https:\/\/blogs.hoy.es\/senderosextremadura\/wp-json\/wp\/v2\/posts\/3611"}],"collection":[{"href":"https:\/\/blogs.hoy.es\/senderosextremadura\/wp-json\/wp\/v2\/posts"}],"about":[{"href":"https:\/\/blogs.hoy.es\/senderosextremadura\/wp-json\/wp\/v2\/types\/post"}],"author":[{"embeddable":true,"href":"https:\/\/blogs.hoy.es\/senderosextremadura\/wp-json\/wp\/v2\/users\/27"}],"replies":[{"embeddable":true,"href":"https:\/\/blogs.hoy.es\/senderosextremadura\/wp-json\/wp\/v2\/comments?post=3611"}],"version-history":[{"count":0,"href":"https:\/\/blogs.hoy.es\/senderosextremadura\/wp-json\/wp\/v2\/posts\/3611\/revisions"}],"wp:attachment":[{"href":"https:\/\/blogs.hoy.es\/senderosextremadura\/wp-json\/wp\/v2\/media?parent=3611"}],"wp:term":[{"taxonomy":"category","embeddable":true,"href":"https:\/\/blogs.hoy.es\/senderosextremadura\/wp-json\/wp\/v2\/categories?post=3611"},{"taxonomy":"post_tag","embeddable":true,"href":"https:\/\/blogs.hoy.es\/senderosextremadura\/wp-json\/wp\/v2\/tags?post=3611"}],"curies":[{"name":"wp","href":"https:\/\/api.w.org\/{rel}","templated":true}]}}