{"id":3615,"date":"2016-02-11T09:32:25","date_gmt":"2016-02-11T09:32:25","guid":{"rendered":"http:\/\/blogs.hoy.es\/senderosextremadura\/?p=3615"},"modified":"2016-02-11T09:32:25","modified_gmt":"2016-02-11T09:32:25","slug":"llega-la-ruta-del-emperador-carlos-v-13-de-febrero","status":"publish","type":"post","link":"https:\/\/blogs.hoy.es\/senderosextremadura\/2016\/02\/11\/llega-la-ruta-del-emperador-carlos-v-13-de-febrero\/","title":{"rendered":"Llega la Ruta del Emperador Carlos V (13 de febrero)"},"content":{"rendered":"<p><a href=\"https:\/\/blogs.hoy.es\/senderosextremadura\/\"><img loading=\"lazy\" class=\"aligncenter size-full wp-image-3616\" title=\"\" src=\"\/senderosextremadura\/wp-content\/uploads\/sites\/22\/2016\/02\/ruta-emperador.jpg\" alt=\"\" width=\"575\" height=\"298\" srcset=\"https:\/\/static-blogs.hoy.es\/wp-content\/uploads\/sites\/22\/2016\/02\/ruta-emperador.jpg 575w, https:\/\/static-blogs.hoy.es\/wp-content\/uploads\/sites\/22\/2016\/02\/ruta-emperador-300x155.jpg 300w\" sizes=\"(max-width: 575px) 100vw, 575px\" \/><\/a><\/p>\n<p>La Ruta del Emperador Carlos V, declarada de Inter\u00e9s Tur\u00edstico Regional, se celebra este s\u00e1bado 13 de febrero, alcanzando la edici\u00f3n decimos\u00e9ptima, mientras que la ecuestre tendr\u00e1 lugar el 14 de febrero. La caminata conmemora el \u00faltimo viaje que realiz\u00f3 Carlos V, el 3 de febrero de 1557, desde el castillo de Jarandilla de La Vera, perteneciente a los condes de Oropesa, al Monasterio de Yuste, pasando por Aldeanueva.<\/p>\n<p><strong>Diez kil\u00f3metros<\/strong><\/p>\n<p>La ruta\u00a0 que sigui\u00f3 el Emperador se recrea con ambientaci\u00f3n de \u00e9poca y un amplio programa de actividades, conciertos, danzas populares, talleres y representaciones teatrales, que se llevan a cabo en las tres poblaciones por las que discurre el camino carolino, Jarandilla, Aldeanueva y Cuacos.<\/p>\n<p>Tiene un recorrido de unos diez kil\u00f3metros, que en 2016 se realizar\u00e1, a pie, el 13 de febrero, desde el parador de Jarandilla hasta Yuste, con paradas en Aldeanueva y Cuacos, y la asistencia de gente de todas las edades, tanto de la comarca como de fuera, para disfrutar de una celebraci\u00f3n cargada de historia y tradici\u00f3n.<\/p>\n<p>Lee toda la informaci\u00f3n de la ruta en el <a href=\"http:\/\/www.grada.es\/web\/wp-content\/uploads\/2016\/01\/TRIPTICO-RUTA-DEL-EMPERADOR-2016.pdf\" target=\"_blank\" rel=\"external nofollow\">tr\u00edptico editado para la ocasi\u00f3n.<\/a><\/p>\n<!-- AddThis Advanced Settings generic via filter on the_content --><!-- AddThis Share Buttons generic via filter on the_content -->","protected":false},"excerpt":{"rendered":"<p>La Ruta del Emperador Carlos V, declarada de Inter\u00e9s Tur\u00edstico Regional, se celebra este s\u00e1bado 13 de febrero, alcanzando la edici\u00f3n decimos\u00e9ptima, mientras que la ecuestre tendr\u00e1 lugar el 14 de febrero. La caminata conmemora el \u00faltimo viaje que realiz\u00f3 Carlos V, el 3 de febrero de 1557, desde el castillo de Jarandilla de La [&hellip;]<!-- AddThis Advanced Settings generic via filter on get_the_excerpt --><!-- AddThis Share Buttons generic via filter on get_the_excerpt --><\/p>\n","protected":false},"author":27,"featured_media":0,"comment_status":"open","ping_status":"closed","sticky":false,"template":"","format":"standard","meta":[],"categories":[3],"tags":[27,163,246,413,745,848,906],"_links":{"self":[{"href":"https:\/\/blogs.hoy.es\/senderosextremadura\/wp-json\/wp\/v2\/posts\/3615"}],"collection":[{"href":"https:\/\/blogs.hoy.es\/senderosextremadura\/wp-json\/wp\/v2\/posts"}],"about":[{"href":"https:\/\/blogs.hoy.es\/senderosextremadura\/wp-json\/wp\/v2\/types\/post"}],"author":[{"embeddable":true,"href":"https:\/\/blogs.hoy.es\/senderosextremadura\/wp-json\/wp\/v2\/users\/27"}],"replies":[{"embeddable":true,"href":"https:\/\/blogs.hoy.es\/senderosextremadura\/wp-json\/wp\/v2\/comments?post=3615"}],"version-history":[{"count":0,"href":"https:\/\/blogs.hoy.es\/senderosextremadura\/wp-json\/wp\/v2\/posts\/3615\/revisions"}],"wp:attachment":[{"href":"https:\/\/blogs.hoy.es\/senderosextremadura\/wp-json\/wp\/v2\/media?parent=3615"}],"wp:term":[{"taxonomy":"category","embeddable":true,"href":"https:\/\/blogs.hoy.es\/senderosextremadura\/wp-json\/wp\/v2\/categories?post=3615"},{"taxonomy":"post_tag","embeddable":true,"href":"https:\/\/blogs.hoy.es\/senderosextremadura\/wp-json\/wp\/v2\/tags?post=3615"}],"curies":[{"name":"wp","href":"https:\/\/api.w.org\/{rel}","templated":true}]}}