{"id":3618,"date":"2016-02-11T09:42:19","date_gmt":"2016-02-11T09:42:19","guid":{"rendered":"http:\/\/blogs.hoy.es\/senderosextremadura\/?p=3618"},"modified":"2016-02-11T09:42:19","modified_gmt":"2016-02-11T09:42:19","slug":"villar-del-rey-celebra-este-domingo-su-iv-ruta-de-las-coladas","status":"publish","type":"post","link":"https:\/\/blogs.hoy.es\/senderosextremadura\/2016\/02\/11\/villar-del-rey-celebra-este-domingo-su-iv-ruta-de-las-coladas\/","title":{"rendered":"Villar del Rey celebra este domingo su IV Ruta de las Coladas"},"content":{"rendered":"<div id=\"attachment_3619\" style=\"width: 610px\" class=\"wp-caption aligncenter\"><a href=\"http:\/\/blogs.hoy.es\/\"><img aria-describedby=\"caption-attachment-3619\" loading=\"lazy\" class=\"size-large wp-image-3619\" title=\"\" src=\"\/senderosextremadura\/wp-content\/uploads\/sites\/22\/2016\/02\/ruta-coladas.jpg\" alt=\"\" width=\"600\" height=\"358\" srcset=\"https:\/\/static-blogs.hoy.es\/wp-content\/uploads\/sites\/22\/2016\/02\/ruta-coladas.jpg 950w, https:\/\/static-blogs.hoy.es\/wp-content\/uploads\/sites\/22\/2016\/02\/ruta-coladas-300x179.jpg 300w, https:\/\/static-blogs.hoy.es\/wp-content\/uploads\/sites\/22\/2016\/02\/ruta-coladas-768x458.jpg 768w, https:\/\/static-blogs.hoy.es\/wp-content\/uploads\/sites\/22\/2016\/02\/ruta-coladas-600x358.jpg 600w\" sizes=\"(max-width: 600px) 100vw, 600px\" \/><\/a><p id=\"caption-attachment-3619\" class=\"wp-caption-text\">Imagen de una pasada edici\u00f3n de la Ruta de las Coladas.<\/p><\/div>\n<p>Villar del Rey acoge este fin de semana la cuarta edici\u00f3n de la Ruta de las Coladas. La marcha transcurre por los diferentes ecosistemas que posee el t\u00e9rmino municipal, adem\u00e1s de poder observar numerosos elementos integradores en el paisaje. El recorrido es de dificultad baja-media para permitir la participaci\u00f3n de numerosos senderistas. El n\u00famero m\u00e1ximo de inscripciones ser\u00e1 de 250 participantes.<\/p>\n<p><!--more--><\/p>\n<p>La ruta principal tiene una distancia de 21 km. con una duraci\u00f3n de 5 horas, tambi\u00e9n existe una ruta corta o alternativa de 13,5 km. con una duraci\u00f3n de 3 horas. La caminata arrancar\u00e1 a las 9:30 horas el d\u00eda 14 de febrero desde el recinto ferial de la localidad, dirigi\u00e9ndose por la calle el Santos para tomar la verea &#8220;La Liebre&#8221;, entre encinas y olivares llegamos a la Colada del Puerto de las Carretas , continuamos hacia el sur entre encinas y campos de labor alcanzando la Colada de Valdesequera, buscando la Colada del Espartal, enlazando con la Colada del Molino Valbuena y de este modo llegando al r\u00edo Zapat\u00f3n. Seguimos aguas arriba al lado del margen del r\u00edo pasando por la Ermita Virgen la Ribera quedando a nuestra izquierda, para coger una senda que nos lleva a una peque\u00f1a represa y un molino, buscando hacia nuestra derecha hacia el este el camino que nos conduce de nuevo hacia nuestra localidad.<\/p>\n<p>La cuota de inscripci\u00f3n ser\u00e1 de 6 euros, que incluye desayuno que tendr\u00e1 lugar de 8:30 de la ma\u00f1ana hasta 9:15, 2 avituallamientos en el transcurso del recorrido, comida que dar\u00e1 comienzo a partir de las 14:30, hora estipulada para que regresen al recinto ferial los primeros participantes que finalicen la ruta principal y entrega de un obsequio a todos los participantes inscritos de forma correcta y que hallan realizado el pago correspondiente en el periodo establecido. La organizaci\u00f3n de la ruta y grupo de senderistas &#8220;Villar del Rey en ruta&#8221; abrir\u00e1n el recorrido y tambi\u00e9n cerrar\u00e1n la ruta.<\/p>\n<p>Para m\u00e1s informaci\u00f3n, p\u00f3nganse en contacto con Ismael Bejarano (Dinamizador Deportivo) en el tel\u00e9fono: 924 41 40 01\/ 41 44 23<\/p>\n<!-- AddThis Advanced Settings generic via filter on the_content --><!-- AddThis Share Buttons generic via filter on the_content -->","protected":false},"excerpt":{"rendered":"<p>Villar del Rey acoge este fin de semana la cuarta edici\u00f3n de la Ruta de las Coladas. La marcha transcurre por los diferentes ecosistemas que posee el t\u00e9rmino municipal, adem\u00e1s de poder observar numerosos elementos integradores en el paisaje. El recorrido es de dificultad baja-media para permitir la participaci\u00f3n de numerosos senderistas. El n\u00famero m\u00e1ximo [&hellip;]<!-- AddThis Advanced Settings generic via filter on get_the_excerpt --><!-- AddThis Share Buttons generic via filter on get_the_excerpt --><\/p>\n","protected":false},"author":27,"featured_media":0,"comment_status":"open","ping_status":"closed","sticky":false,"template":"","format":"standard","meta":[],"categories":[3],"tags":[301,727,817,836,906,1035,1090],"_links":{"self":[{"href":"https:\/\/blogs.hoy.es\/senderosextremadura\/wp-json\/wp\/v2\/posts\/3618"}],"collection":[{"href":"https:\/\/blogs.hoy.es\/senderosextremadura\/wp-json\/wp\/v2\/posts"}],"about":[{"href":"https:\/\/blogs.hoy.es\/senderosextremadura\/wp-json\/wp\/v2\/types\/post"}],"author":[{"embeddable":true,"href":"https:\/\/blogs.hoy.es\/senderosextremadura\/wp-json\/wp\/v2\/users\/27"}],"replies":[{"embeddable":true,"href":"https:\/\/blogs.hoy.es\/senderosextremadura\/wp-json\/wp\/v2\/comments?post=3618"}],"version-history":[{"count":0,"href":"https:\/\/blogs.hoy.es\/senderosextremadura\/wp-json\/wp\/v2\/posts\/3618\/revisions"}],"wp:attachment":[{"href":"https:\/\/blogs.hoy.es\/senderosextremadura\/wp-json\/wp\/v2\/media?parent=3618"}],"wp:term":[{"taxonomy":"category","embeddable":true,"href":"https:\/\/blogs.hoy.es\/senderosextremadura\/wp-json\/wp\/v2\/categories?post=3618"},{"taxonomy":"post_tag","embeddable":true,"href":"https:\/\/blogs.hoy.es\/senderosextremadura\/wp-json\/wp\/v2\/tags?post=3618"}],"curies":[{"name":"wp","href":"https:\/\/api.w.org\/{rel}","templated":true}]}}