{"id":3621,"date":"2016-02-11T09:48:02","date_gmt":"2016-02-11T09:48:02","guid":{"rendered":"http:\/\/blogs.hoy.es\/senderosextremadura\/?p=3621"},"modified":"2016-02-11T09:48:02","modified_gmt":"2016-02-11T09:48:02","slug":"caminata-canina-en-almendralejo","status":"publish","type":"post","link":"https:\/\/blogs.hoy.es\/senderosextremadura\/2016\/02\/11\/caminata-canina-en-almendralejo\/","title":{"rendered":"Caminata canina en Almendralejo"},"content":{"rendered":"<p><a href=\"https:\/\/blogs.hoy.es\/senderosextremadura\/\"><img loading=\"lazy\" class=\"aligncenter size-full wp-image-3623\" title=\"\" src=\"\/senderosextremadura\/wp-content\/uploads\/sites\/22\/2016\/02\/caminata1.jpg\" alt=\"\" width=\"300\" height=\"271\" \/><\/a><\/p>\n<p>La Asociaci\u00f3n Pro Refugio Canino de Almendralejo (Recal) ha organizado una caminata canina para recaudar fondos. Esta iniciativa ha partido de la Asociaci\u00f3n Canina Extreme\u00f1a de B\u00fasqueda y Terapia. Las personas que participen han de entregar un donativo en forma de pienso, comederos, latas o arena para gatos, adem\u00e1s de cualquier otro material que pueda resultar necesario para el sostenimiento de las actividades de Recal. Se entregar\u00e1n in situ a partir de las 11.30 horas del pr\u00f3ximo domingo en la Avenida de la Paz de Almendralejo, donde media hora m\u00e1s tarde iniciar\u00e1 el recorrido. Continuar\u00e1n por las calles Arturo Su\u00e1rez B\u00e1rcena y Real hasta llegar a los Jardines de Santa Clara. Los organizadores llevar\u00e1n algunos de los animales que tienen en la perrera para darlos a conocer a la ciudadan\u00eda que deseen adoptar.<\/p>\n<!-- AddThis Advanced Settings generic via filter on the_content --><!-- AddThis Share Buttons generic via filter on the_content -->","protected":false},"excerpt":{"rendered":"<p>La Asociaci\u00f3n Pro Refugio Canino de Almendralejo (Recal) ha organizado una caminata canina para recaudar fondos. Esta iniciativa ha partido de la Asociaci\u00f3n Canina Extreme\u00f1a de B\u00fasqueda y Terapia. Las personas que participen han de entregar un donativo en forma de pienso, comederos, latas o arena para gatos, adem\u00e1s de cualquier otro material que pueda [&hellip;]<!-- AddThis Advanced Settings generic via filter on get_the_excerpt --><!-- AddThis Share Buttons generic via filter on get_the_excerpt --><\/p>\n","protected":false},"author":27,"featured_media":0,"comment_status":"open","ping_status":"closed","sticky":false,"template":"","format":"standard","meta":[],"categories":[3],"tags":[39,719,817,906],"_links":{"self":[{"href":"https:\/\/blogs.hoy.es\/senderosextremadura\/wp-json\/wp\/v2\/posts\/3621"}],"collection":[{"href":"https:\/\/blogs.hoy.es\/senderosextremadura\/wp-json\/wp\/v2\/posts"}],"about":[{"href":"https:\/\/blogs.hoy.es\/senderosextremadura\/wp-json\/wp\/v2\/types\/post"}],"author":[{"embeddable":true,"href":"https:\/\/blogs.hoy.es\/senderosextremadura\/wp-json\/wp\/v2\/users\/27"}],"replies":[{"embeddable":true,"href":"https:\/\/blogs.hoy.es\/senderosextremadura\/wp-json\/wp\/v2\/comments?post=3621"}],"version-history":[{"count":0,"href":"https:\/\/blogs.hoy.es\/senderosextremadura\/wp-json\/wp\/v2\/posts\/3621\/revisions"}],"wp:attachment":[{"href":"https:\/\/blogs.hoy.es\/senderosextremadura\/wp-json\/wp\/v2\/media?parent=3621"}],"wp:term":[{"taxonomy":"category","embeddable":true,"href":"https:\/\/blogs.hoy.es\/senderosextremadura\/wp-json\/wp\/v2\/categories?post=3621"},{"taxonomy":"post_tag","embeddable":true,"href":"https:\/\/blogs.hoy.es\/senderosextremadura\/wp-json\/wp\/v2\/tags?post=3621"}],"curies":[{"name":"wp","href":"https:\/\/api.w.org\/{rel}","templated":true}]}}