{"id":3628,"date":"2016-02-12T12:25:01","date_gmt":"2016-02-12T12:25:01","guid":{"rendered":"http:\/\/blogs.hoy.es\/senderosextremadura\/?p=3628"},"modified":"2016-02-12T12:25:01","modified_gmt":"2016-02-12T12:25:01","slug":"ruta-de-los-carboneros-entre-el-jerte-y-el-ambroz-14-de-febrero","status":"publish","type":"post","link":"https:\/\/blogs.hoy.es\/senderosextremadura\/2016\/02\/12\/ruta-de-los-carboneros-entre-el-jerte-y-el-ambroz-14-de-febrero\/","title":{"rendered":"Ruta de los Carboneros, entre el Jerte y el Ambroz (14 de febrero)"},"content":{"rendered":"<p><a href=\"https:\/\/blogs.hoy.es\/senderosextremadura\/\"><img loading=\"lazy\" class=\"aligncenter size-large wp-image-3630\" title=\"\" src=\"\/senderosextremadura\/wp-content\/uploads\/sites\/22\/2016\/02\/ruta-carboneros.jpg\" alt=\"\" width=\"600\" height=\"399\" srcset=\"https:\/\/static-blogs.hoy.es\/wp-content\/uploads\/sites\/22\/2016\/02\/ruta-carboneros.jpg 800w, https:\/\/static-blogs.hoy.es\/wp-content\/uploads\/sites\/22\/2016\/02\/ruta-carboneros-300x200.jpg 300w, https:\/\/static-blogs.hoy.es\/wp-content\/uploads\/sites\/22\/2016\/02\/ruta-carboneros-768x512.jpg 768w, https:\/\/static-blogs.hoy.es\/wp-content\/uploads\/sites\/22\/2016\/02\/ruta-carboneros-600x400.jpg 600w\" sizes=\"(max-width: 600px) 100vw, 600px\" \/><\/a><\/p>\n<p>Este domingo 14 de febrero se celebra la Ruta de los Carboneros, que parte del Jerte y acaba en el Valle del Ambroz. Los caminantes saldr\u00e1n de Cabezuela del Valle por el camino de los Callejones hacia el Alto de San Salvador por la pista rural \u00a0hasta llegar al puente Medieval de las Majadillas. All\u00ed ver\u00e1n la gran cascada de la Garganta de la Luz para pasar despu\u00e9s por la fuente del Espino y llegar despu\u00e9s de 9 km al puerto de Honduras a 1430 metros de altitud.<!--more--><\/p>\n<p>Los senderistas iniciar\u00e1n entonces la bajada hacia el valle del Ambroz por la garganta Buitrera (malpaso) y seguiremos pos las Quebradas hacia la fuente Sapilla para llegar a nuestro destino, Gargantilla.<\/p>\n<p>La inscripci\u00f3n no tendr\u00e1 validez sin el pago de la cuota correspondiente que podr\u00e1 realizarse en la cuenta CAJA3 .CAJA BADAJOZ 2086-6129-27-3300047382 &#8211; IBAN: ES48 2085 4629 6703 3024 0836 o en C\u00e1ceres, en la tienda de InterSport MOSTAZO.<\/p>\n<p>Para ampliar la informaci\u00f3n, no dudes ponerte en contacto con la organizaci\u00f3n a trav\u00e9s de email : actividades@clubgr100.com o en el siguiente tel\u00e9fono: C\u00e1ceres 654551304 Diego Mostazo<\/p>\n<p><strong>Puntos de encuentro<\/strong><\/p>\n<p>BADAJOZ. Iglesia San Jos\u00e9. 07:45 horas.<\/p>\n<p>CACERES. Palacio de Congresos. 09:00 horas.<br \/>\nFecha l\u00edmite de inscripci\u00f3n al evento.<\/p>\n<!-- AddThis Advanced Settings generic via filter on the_content --><!-- AddThis Share Buttons generic via filter on the_content -->","protected":false},"excerpt":{"rendered":"<p>Este domingo 14 de febrero se celebra la Ruta de los Carboneros, que parte del Jerte y acaba en el Valle del Ambroz. Los caminantes saldr\u00e1n de Cabezuela del Valle por el camino de los Callejones hacia el Alto de San Salvador por la pista rural \u00a0hasta llegar al puente Medieval de las Majadillas. All\u00ed [&hellip;]<!-- AddThis Advanced Settings generic via filter on get_the_excerpt --><!-- AddThis Share Buttons generic via filter on get_the_excerpt --><\/p>\n","protected":false},"author":27,"featured_media":0,"comment_status":"open","ping_status":"closed","sticky":false,"template":"","format":"standard","meta":[],"categories":[3],"tags":[732,821,906,1061,1063],"_links":{"self":[{"href":"https:\/\/blogs.hoy.es\/senderosextremadura\/wp-json\/wp\/v2\/posts\/3628"}],"collection":[{"href":"https:\/\/blogs.hoy.es\/senderosextremadura\/wp-json\/wp\/v2\/posts"}],"about":[{"href":"https:\/\/blogs.hoy.es\/senderosextremadura\/wp-json\/wp\/v2\/types\/post"}],"author":[{"embeddable":true,"href":"https:\/\/blogs.hoy.es\/senderosextremadura\/wp-json\/wp\/v2\/users\/27"}],"replies":[{"embeddable":true,"href":"https:\/\/blogs.hoy.es\/senderosextremadura\/wp-json\/wp\/v2\/comments?post=3628"}],"version-history":[{"count":0,"href":"https:\/\/blogs.hoy.es\/senderosextremadura\/wp-json\/wp\/v2\/posts\/3628\/revisions"}],"wp:attachment":[{"href":"https:\/\/blogs.hoy.es\/senderosextremadura\/wp-json\/wp\/v2\/media?parent=3628"}],"wp:term":[{"taxonomy":"category","embeddable":true,"href":"https:\/\/blogs.hoy.es\/senderosextremadura\/wp-json\/wp\/v2\/categories?post=3628"},{"taxonomy":"post_tag","embeddable":true,"href":"https:\/\/blogs.hoy.es\/senderosextremadura\/wp-json\/wp\/v2\/tags?post=3628"}],"curies":[{"name":"wp","href":"https:\/\/api.w.org\/{rel}","templated":true}]}}