{"id":3632,"date":"2016-02-21T12:24:38","date_gmt":"2016-02-21T12:24:38","guid":{"rendered":"http:\/\/blogs.hoy.es\/senderosextremadura\/?p=3632"},"modified":"2016-02-21T12:24:38","modified_gmt":"2016-02-21T12:24:38","slug":"la-ruta-de-los-ingleses-se-celebrara-el-14-de-mayo","status":"publish","type":"post","link":"https:\/\/blogs.hoy.es\/senderosextremadura\/2016\/02\/21\/la-ruta-de-los-ingleses-se-celebrara-el-14-de-mayo\/","title":{"rendered":"La Ruta de los Ingleses se celebrar\u00e1 el 14 de mayo"},"content":{"rendered":"<div id=\"attachment_3633\" style=\"width: 346px\" class=\"wp-caption aligncenter\"><a href=\"https:\/\/blogs.hoy.es\/senderosextremadura\/\"><img aria-describedby=\"caption-attachment-3633\" loading=\"lazy\" class=\" wp-image-3633  \" src=\"\/senderosextremadura\/wp-content\/uploads\/sites\/22\/2016\/02\/ingleses.jpg\" alt=\"\" width=\"336\" height=\"475\" srcset=\"https:\/\/static-blogs.hoy.es\/wp-content\/uploads\/sites\/22\/2016\/02\/ingleses.jpg 679w, https:\/\/static-blogs.hoy.es\/wp-content\/uploads\/sites\/22\/2016\/02\/ingleses-212x300.jpg 212w, https:\/\/static-blogs.hoy.es\/wp-content\/uploads\/sites\/22\/2016\/02\/ingleses-600x848.jpg 600w\" sizes=\"(max-width: 336px) 100vw, 336px\" \/><\/a><p id=\"caption-attachment-3633\" class=\"wp-caption-text\">Cartel de la ruta.<\/p><\/div>\n<p>El 14 de mayo se celebrar\u00e1 la duod\u00e9cima edici\u00f3n de la multitudinaria Ruta de los Ingleses, que cada a\u00f1o re\u00fane a cientos de personas en torno a la conmemoraci\u00f3n de la batalla de la Guerra de la Independencia que tuvo lugar el 19 de mayo de 1812, en la que los franceses fueron derrotados por tropas inglesas en Lugar Nuevo. <!--more-->El Ayuntamiento de Romangordo, organizador junto a su hom\u00f3nimo de Casas de Miravete, ha dado a conocer ya la fecha, abriendo el plazo de inscripci\u00f3n el 1 de marzo. Los interesados pueden formalizar la misma a trav\u00e9s de la p\u00e1gina web http:\/\/www.reunalia.com\/1229303 o bien conseguir m\u00e1s informaci\u00f3n al respecto en la web municipal, www.romangordo.org.<\/p>\n<p><strong>Ruta y escenificaciones<\/strong><\/p>\n<p>La conmemoraci\u00f3n incluye una ruta senderista y diversas escenificaciones hist\u00f3ricas, entre otras actividades. Los senderistas cubrir\u00e1n el mismo recorrido que entonces hicieron los soldados ingleses, discurriendo por los t\u00e9rminos municipales de ambas poblaciones, finalizando con una escenificaci\u00f3n de toma de Fort Napole\u00f3n.<\/p>\n<p>Informa: Eloy G.R.<\/p>\n<!-- AddThis Advanced Settings generic via filter on the_content --><!-- AddThis Share Buttons generic via filter on the_content -->","protected":false},"excerpt":{"rendered":"<p>El 14 de mayo se celebrar\u00e1 la duod\u00e9cima edici\u00f3n de la multitudinaria Ruta de los Ingleses, que cada a\u00f1o re\u00fane a cientos de personas en torno a la conmemoraci\u00f3n de la batalla de la Guerra de la Independencia que tuvo lugar el 19 de mayo de 1812, en la que los franceses fueron derrotados por [&hellip;]<!-- AddThis Advanced Settings generic via filter on get_the_excerpt --><!-- AddThis Share Buttons generic via filter on get_the_excerpt --><\/p>\n","protected":false},"author":27,"featured_media":0,"comment_status":"open","ping_status":"closed","sticky":false,"template":"","format":"standard","meta":[],"categories":[3],"tags":[169,703,734],"_links":{"self":[{"href":"https:\/\/blogs.hoy.es\/senderosextremadura\/wp-json\/wp\/v2\/posts\/3632"}],"collection":[{"href":"https:\/\/blogs.hoy.es\/senderosextremadura\/wp-json\/wp\/v2\/posts"}],"about":[{"href":"https:\/\/blogs.hoy.es\/senderosextremadura\/wp-json\/wp\/v2\/types\/post"}],"author":[{"embeddable":true,"href":"https:\/\/blogs.hoy.es\/senderosextremadura\/wp-json\/wp\/v2\/users\/27"}],"replies":[{"embeddable":true,"href":"https:\/\/blogs.hoy.es\/senderosextremadura\/wp-json\/wp\/v2\/comments?post=3632"}],"version-history":[{"count":0,"href":"https:\/\/blogs.hoy.es\/senderosextremadura\/wp-json\/wp\/v2\/posts\/3632\/revisions"}],"wp:attachment":[{"href":"https:\/\/blogs.hoy.es\/senderosextremadura\/wp-json\/wp\/v2\/media?parent=3632"}],"wp:term":[{"taxonomy":"category","embeddable":true,"href":"https:\/\/blogs.hoy.es\/senderosextremadura\/wp-json\/wp\/v2\/categories?post=3632"},{"taxonomy":"post_tag","embeddable":true,"href":"https:\/\/blogs.hoy.es\/senderosextremadura\/wp-json\/wp\/v2\/tags?post=3632"}],"curies":[{"name":"wp","href":"https:\/\/api.w.org\/{rel}","templated":true}]}}