{"id":3636,"date":"2016-02-23T09:34:40","date_gmt":"2016-02-23T09:34:40","guid":{"rendered":"http:\/\/blogs.hoy.es\/senderosextremadura\/?p=3636"},"modified":"2016-02-23T09:34:40","modified_gmt":"2016-02-23T09:34:40","slug":"ruta-entre-idanha-a-nova-y-monsanto-28-de-febrero","status":"publish","type":"post","link":"https:\/\/blogs.hoy.es\/senderosextremadura\/2016\/02\/23\/ruta-entre-idanha-a-nova-y-monsanto-28-de-febrero\/","title":{"rendered":"Ruta entre Idanha-a-Nova y Monsanto (28 de febrero)"},"content":{"rendered":"<p><a href=\"https:\/\/blogs.hoy.es\/senderosextremadura\/\"><img loading=\"lazy\" class=\"aligncenter size-full wp-image-3637\" title=\"\" src=\"\/senderosextremadura\/wp-content\/uploads\/sites\/22\/2016\/02\/ruta.jpg\" alt=\"\" width=\"600\" height=\"443\" srcset=\"https:\/\/static-blogs.hoy.es\/wp-content\/uploads\/sites\/22\/2016\/02\/ruta.jpg 600w, https:\/\/static-blogs.hoy.es\/wp-content\/uploads\/sites\/22\/2016\/02\/ruta-300x222.jpg 300w\" sizes=\"(max-width: 600px) 100vw, 600px\" \/><\/a><\/p>\n<p>ZonaViaje ha organizado una ruta por la la bonita villa portuguesa de Monsanto. La marcha tiene 16,5 kil\u00f3metros de recorrido y est\u00e1 prevista para el domingo 28 de febrero. La caminata comienza en el camping de Idanha-a-Nova y sigue la orilla del embalse de Idanha durante al menos dos kil\u00f3metros para despu\u00e9s remontar la Rivera de Fragas. <!--more-->Posteriormente existe una ligera subida que se adentra en una dehesa t\u00edpica de encinas con restos de antiguas explotaciones ganaderas para m\u00e1s tarde, descender de nuevo hasta la orilla del embalse sobre el r\u00edo P\u00f3nsul. Pronto se hace visible el imponente cerro gran\u00edtico de Monsanto, su castillo coronando la sierra y el pueblo en la ladera del mismo.<br \/>\nEl sendero discurre m\u00e1s adelante por paisajes agrarios abiertos, con \u00e1reas de cultivo y olivares, bajando hasta la carretera N-332 y a la orilla del P\u00f3nsul. El r\u00edo se cruza pasando sobre unas pasaderas, un conjunto de piedras de granito dispuestas para ello y a partir de aqu\u00ed, contin\u00faa por una calle empedrada que llega a la majestuosa Idanha-a-Velha, entrando a la vieja capital visigoda a trav\u00e9s de un arco en piedra gran\u00edtica para despu\u00e9s rodear toda la ciudad. En la entrada principal de la aldea hist\u00f3rica existen paneles informativos que nos dar\u00e1n m\u00e1s datos para poder enlazar esta ruta con otras que confluyen en el mismo punto como son el GR12 y el GR22.<br \/>\nSaliendo de Idanha-a-Velha hacia el este, a trav\u00e9s de la GR12\/E7, esta etapa cruza el r\u00edo P\u00f4nsul por el puente romano y sigue por esta meseta girando hacia el norte en direcci\u00f3n a Monte-Ilha, separ\u00e1ndose de la mencionada Gran Ruta (GR). Atraviesa las riberas de Silveirinha y Nave para, al acercarse otra vez del r\u00edo P\u00f4nsul, llegar a la Capilla de la Se\u00f1ora de Azenha y volver a cruzar la GR que viene de Espa\u00f1a. Desde este punto, sigue por tierra batida hasta llegar a la localidad de Devesa de Monsanto, para subir aqu\u00ed por la calzada romana hasta la imponente \u00abisla\u00bb&#8221; (peak) que destaca en este paisaje plano y donde ancestralmente se instal\u00f3 esta Aldea Hist\u00f3rica.<\/p>\n<p>Consulta todos los datos de inscripci\u00f3n en el <a href=\"https:\/\/www.facebook.com\/ZONAVIAJE\/photos\/gm.917407748380279\/998449623536249\/?type=3\" target=\"_blank\" rel=\"external nofollow\">perfil de Facebook de ZonaViaje.<\/a><\/p>\n<!-- AddThis Advanced Settings generic via filter on the_content --><!-- AddThis Share Buttons generic via filter on the_content -->","protected":false},"excerpt":{"rendered":"<p>ZonaViaje ha organizado una ruta por la la bonita villa portuguesa de Monsanto. La marcha tiene 16,5 kil\u00f3metros de recorrido y est\u00e1 prevista para el domingo 28 de febrero. La caminata comienza en el camping de Idanha-a-Nova y sigue la orilla del embalse de Idanha durante al menos dos kil\u00f3metros para despu\u00e9s remontar la Rivera [&hellip;]<!-- AddThis Advanced Settings generic via filter on get_the_excerpt --><!-- AddThis Share Buttons generic via filter on get_the_excerpt --><\/p>\n","protected":false},"author":27,"featured_media":0,"comment_status":"open","ping_status":"closed","sticky":false,"template":"","format":"standard","meta":[],"categories":[3],"tags":[518,646,906],"_links":{"self":[{"href":"https:\/\/blogs.hoy.es\/senderosextremadura\/wp-json\/wp\/v2\/posts\/3636"}],"collection":[{"href":"https:\/\/blogs.hoy.es\/senderosextremadura\/wp-json\/wp\/v2\/posts"}],"about":[{"href":"https:\/\/blogs.hoy.es\/senderosextremadura\/wp-json\/wp\/v2\/types\/post"}],"author":[{"embeddable":true,"href":"https:\/\/blogs.hoy.es\/senderosextremadura\/wp-json\/wp\/v2\/users\/27"}],"replies":[{"embeddable":true,"href":"https:\/\/blogs.hoy.es\/senderosextremadura\/wp-json\/wp\/v2\/comments?post=3636"}],"version-history":[{"count":0,"href":"https:\/\/blogs.hoy.es\/senderosextremadura\/wp-json\/wp\/v2\/posts\/3636\/revisions"}],"wp:attachment":[{"href":"https:\/\/blogs.hoy.es\/senderosextremadura\/wp-json\/wp\/v2\/media?parent=3636"}],"wp:term":[{"taxonomy":"category","embeddable":true,"href":"https:\/\/blogs.hoy.es\/senderosextremadura\/wp-json\/wp\/v2\/categories?post=3636"},{"taxonomy":"post_tag","embeddable":true,"href":"https:\/\/blogs.hoy.es\/senderosextremadura\/wp-json\/wp\/v2\/tags?post=3636"}],"curies":[{"name":"wp","href":"https:\/\/api.w.org\/{rel}","templated":true}]}}