{"id":3639,"date":"2016-02-23T09:44:12","date_gmt":"2016-02-23T09:44:12","guid":{"rendered":"http:\/\/blogs.hoy.es\/senderosextremadura\/?p=3639"},"modified":"2016-02-23T09:44:12","modified_gmt":"2016-02-23T09:44:12","slug":"zarza-de-granadilla-caminara-para-ayudar-a-valeria-6-de-marzo","status":"publish","type":"post","link":"https:\/\/blogs.hoy.es\/senderosextremadura\/2016\/02\/23\/zarza-de-granadilla-caminara-para-ayudar-a-valeria-6-de-marzo\/","title":{"rendered":"Zarza de Granadilla caminar\u00e1 para ayudar a Valeria (6 de marzo)"},"content":{"rendered":"<p style=\"text-align: center;\"><a href=\"https:\/\/blogs.hoy.es\/senderosextremadura\/\"><img loading=\"lazy\" class=\"aligncenter  wp-image-3640\" src=\"\/senderosextremadura\/wp-content\/uploads\/sites\/22\/2016\/02\/ruta-solidaria.jpg\" alt=\"\" width=\"357\" height=\"504\" srcset=\"https:\/\/static-blogs.hoy.es\/wp-content\/uploads\/sites\/22\/2016\/02\/ruta-solidaria.jpg 510w, https:\/\/static-blogs.hoy.es\/wp-content\/uploads\/sites\/22\/2016\/02\/ruta-solidaria-213x300.jpg 213w\" sizes=\"(max-width: 357px) 100vw, 357px\" \/><\/a><\/p>\n<p>Zarza de Granadilla acoge el pr\u00f3ximo domingo 6 de marzo una marcha solidaria. El fin de la caminata el colaborar con la causa de la peque\u00f1a Valeria Curto Moreno. La ni\u00f1a de 4 a\u00f1os, natural de Carcaboso, est\u00e1 afectada por una atresia pulmonar grave, patolog\u00eda de la que s\u00f3lo puede ser operada en Bost\u00f3n (EEUU), tras descartarse una posible intervenci\u00f3n en Barcelona.<!--more--><\/p>\n<p>La caminata solidaria comenzar\u00e1 a las diez de la ma\u00f1ana en la puerta del Ayuntamiento de Zarza de Granadilla. Se recorrer\u00e1n diez kil\u00f3metros y la dificultad es baja. La inscripci\u00f3n cuesta 5 euros que servir\u00e1n para ayudar a los padres de la peque\u00f1a. Despu\u00e9s de la caminata habr\u00e1 una parrillada por cortes\u00eda del supermercado Spar y el ayuntamiento de Zarza de Granadilla.<\/p>\n<p>Cabe recordar que en la provincia de C\u00e1ceres se ha puesto en marcha una campa\u00f1a de recogida de fondos y tapones para ayudar a sufragar los gastos de traslado y cirug\u00eda que debe asumir una familia para tratar a la ni\u00f1a en los Estados Unidos.<\/p>\n<!-- AddThis Advanced Settings generic via filter on the_content --><!-- AddThis Share Buttons generic via filter on the_content -->","protected":false},"excerpt":{"rendered":"<p>Zarza de Granadilla acoge el pr\u00f3ximo domingo 6 de marzo una marcha solidaria. El fin de la caminata el colaborar con la causa de la peque\u00f1a Valeria Curto Moreno. La ni\u00f1a de 4 a\u00f1os, natural de Carcaboso, est\u00e1 afectada por una atresia pulmonar grave, patolog\u00eda de la que s\u00f3lo puede ser operada en Bost\u00f3n (EEUU), [&hellip;]<!-- AddThis Advanced Settings generic via filter on get_the_excerpt --><!-- AddThis Share Buttons generic via filter on get_the_excerpt --><\/p>\n","protected":false},"author":27,"featured_media":0,"comment_status":"open","ping_status":"closed","sticky":false,"template":"","format":"standard","meta":[],"categories":[3],"tags":[301,785,821,848,906,1056],"_links":{"self":[{"href":"https:\/\/blogs.hoy.es\/senderosextremadura\/wp-json\/wp\/v2\/posts\/3639"}],"collection":[{"href":"https:\/\/blogs.hoy.es\/senderosextremadura\/wp-json\/wp\/v2\/posts"}],"about":[{"href":"https:\/\/blogs.hoy.es\/senderosextremadura\/wp-json\/wp\/v2\/types\/post"}],"author":[{"embeddable":true,"href":"https:\/\/blogs.hoy.es\/senderosextremadura\/wp-json\/wp\/v2\/users\/27"}],"replies":[{"embeddable":true,"href":"https:\/\/blogs.hoy.es\/senderosextremadura\/wp-json\/wp\/v2\/comments?post=3639"}],"version-history":[{"count":0,"href":"https:\/\/blogs.hoy.es\/senderosextremadura\/wp-json\/wp\/v2\/posts\/3639\/revisions"}],"wp:attachment":[{"href":"https:\/\/blogs.hoy.es\/senderosextremadura\/wp-json\/wp\/v2\/media?parent=3639"}],"wp:term":[{"taxonomy":"category","embeddable":true,"href":"https:\/\/blogs.hoy.es\/senderosextremadura\/wp-json\/wp\/v2\/categories?post=3639"},{"taxonomy":"post_tag","embeddable":true,"href":"https:\/\/blogs.hoy.es\/senderosextremadura\/wp-json\/wp\/v2\/tags?post=3639"}],"curies":[{"name":"wp","href":"https:\/\/api.w.org\/{rel}","templated":true}]}}