{"id":3642,"date":"2016-02-23T12:55:26","date_gmt":"2016-02-23T12:55:26","guid":{"rendered":"http:\/\/blogs.hoy.es\/senderosextremadura\/?p=3642"},"modified":"2016-02-23T12:55:26","modified_gmt":"2016-02-23T12:55:26","slug":"ruta-por-cheles-y-matanza-popular-17-de-febrero","status":"publish","type":"post","link":"https:\/\/blogs.hoy.es\/senderosextremadura\/2016\/02\/23\/ruta-por-cheles-y-matanza-popular-17-de-febrero\/","title":{"rendered":"Ruta por Cheles y matanza popular (17 de febrero)"},"content":{"rendered":"<p><a href=\"https:\/\/blogs.hoy.es\/senderosextremadura\/\"><img loading=\"lazy\" class=\"aligncenter size-full wp-image-3644\" title=\"\" src=\"\/senderosextremadura\/wp-content\/uploads\/sites\/22\/2016\/02\/cheles.jpg\" alt=\"\" width=\"600\" height=\"450\" \/><\/a><\/p>\n<p>La localidad pacense de Cheles ha organizado una ruta senderista el pr\u00f3ximo 27 de febrero que coincidir\u00e1 con su V Matanza Popular. Para iniciar la jornada, a las 8 de la ma\u00f1ana se ofrecer\u00e1 un desayuno popular a base de migas en el entorno de la iglesia.<\/p>\n<p>La marcha de unos 13 kil\u00f3metros comenzar\u00e1 a las 9.30 horas y discurrir\u00e1 hasta el Cerro Miguel, donde los participantes podr\u00e1n disfrutar de los paisajes que se avistan del Gran Lago de Alqueva.<\/p>\n<p>La duraci\u00f3n de la marcha es de unas tres horas y el nivel de dificultad medio. A la llegada, los senderistas podr\u00e1n disfrutar de una tapa y una bebida inclu\u00edda en el precio de la inscripci\u00f3n (3 euros). En el transcurso de esta actividad la localidad llevar\u00e1 a cabo la matanza popular del cerdo. Estas tareas comenzar\u00e1n a las nueve de la ma\u00f1ana con el sacrificio del animal.<\/p>\n<div id=\"roba_cintillo\"><\/div>\n<p>Los interesados en participar pueden llamar al 924 42 30 01 o enviar un mail a biblioteca@cheles.es.<\/p>\n<!-- AddThis Advanced Settings generic via filter on the_content --><!-- AddThis Share Buttons generic via filter on the_content -->","protected":false},"excerpt":{"rendered":"<p>La localidad pacense de Cheles ha organizado una ruta senderista el pr\u00f3ximo 27 de febrero que coincidir\u00e1 con su V Matanza Popular. Para iniciar la jornada, a las 8 de la ma\u00f1ana se ofrecer\u00e1 un desayuno popular a base de migas en el entorno de la iglesia. La marcha de unos 13 kil\u00f3metros comenzar\u00e1 a [&hellip;]<!-- AddThis Advanced Settings generic via filter on get_the_excerpt --><!-- AddThis Share Buttons generic via filter on get_the_excerpt --><\/p>\n","protected":false},"author":27,"featured_media":0,"comment_status":"open","ping_status":"closed","sticky":false,"template":"","format":"standard","meta":[],"categories":[3],"tags":[204,817,906,917],"_links":{"self":[{"href":"https:\/\/blogs.hoy.es\/senderosextremadura\/wp-json\/wp\/v2\/posts\/3642"}],"collection":[{"href":"https:\/\/blogs.hoy.es\/senderosextremadura\/wp-json\/wp\/v2\/posts"}],"about":[{"href":"https:\/\/blogs.hoy.es\/senderosextremadura\/wp-json\/wp\/v2\/types\/post"}],"author":[{"embeddable":true,"href":"https:\/\/blogs.hoy.es\/senderosextremadura\/wp-json\/wp\/v2\/users\/27"}],"replies":[{"embeddable":true,"href":"https:\/\/blogs.hoy.es\/senderosextremadura\/wp-json\/wp\/v2\/comments?post=3642"}],"version-history":[{"count":0,"href":"https:\/\/blogs.hoy.es\/senderosextremadura\/wp-json\/wp\/v2\/posts\/3642\/revisions"}],"wp:attachment":[{"href":"https:\/\/blogs.hoy.es\/senderosextremadura\/wp-json\/wp\/v2\/media?parent=3642"}],"wp:term":[{"taxonomy":"category","embeddable":true,"href":"https:\/\/blogs.hoy.es\/senderosextremadura\/wp-json\/wp\/v2\/categories?post=3642"},{"taxonomy":"post_tag","embeddable":true,"href":"https:\/\/blogs.hoy.es\/senderosextremadura\/wp-json\/wp\/v2\/tags?post=3642"}],"curies":[{"name":"wp","href":"https:\/\/api.w.org\/{rel}","templated":true}]}}