{"id":3645,"date":"2016-02-29T09:51:57","date_gmt":"2016-02-29T09:51:57","guid":{"rendered":"http:\/\/blogs.hoy.es\/senderosextremadura\/?p=3645"},"modified":"2016-02-29T09:51:57","modified_gmt":"2016-02-29T09:51:57","slug":"caminata-circular-por-el-balcon-de-alqueva-6-de-marzo","status":"publish","type":"post","link":"https:\/\/blogs.hoy.es\/senderosextremadura\/2016\/02\/29\/caminata-circular-por-el-balcon-de-alqueva-6-de-marzo\/","title":{"rendered":"Caminata circular por el &#039;Balc\u00f3n de Alqueva&#039; (6 de marzo)"},"content":{"rendered":"<p><a href=\"https:\/\/blogs.hoy.es\/senderosextremadura\/\"><img loading=\"lazy\" class=\"aligncenter size-large wp-image-3646\" title=\"\" src=\"\/senderosextremadura\/wp-content\/uploads\/sites\/22\/2016\/02\/alqueva-cheles.jpg\" alt=\"\" width=\"600\" height=\"343\" srcset=\"https:\/\/static-blogs.hoy.es\/wp-content\/uploads\/sites\/22\/2016\/02\/alqueva-cheles.jpg 1572w, https:\/\/static-blogs.hoy.es\/wp-content\/uploads\/sites\/22\/2016\/02\/alqueva-cheles-300x172.jpg 300w, https:\/\/static-blogs.hoy.es\/wp-content\/uploads\/sites\/22\/2016\/02\/alqueva-cheles-768x440.jpg 768w, https:\/\/static-blogs.hoy.es\/wp-content\/uploads\/sites\/22\/2016\/02\/alqueva-cheles-600x344.jpg 600w\" sizes=\"(max-width: 600px) 100vw, 600px\" \/><\/a><\/p>\n<p>El domingo 6 de marzo se celebra en Cheles la ruta &#8216;Balc\u00f3n de Alqueva&#8217;. La marcha circular e 16 kil\u00f3metros arrancar\u00e1 a las diez de la ma\u00f1ana en la playa de Cheles. <!--more-->Esta actividad gratuita est\u00e1 organizada por la empresa de turismo activo Alqueva Entretenida.\u00a0Al finalizar habr\u00e1 una\u00a0<strong>comida para todos<\/strong>\u00a0los participantes.<\/p>\n<p><a href=\"http:\/\/alquevaentretenida.com\/\" target=\"_blank\" rel=\"external nofollow\">M\u00e1s datos para la inscripci\u00f3n.<\/a><\/p>\n<!-- AddThis Advanced Settings generic via filter on the_content --><!-- AddThis Share Buttons generic via filter on the_content -->","protected":false},"excerpt":{"rendered":"<p>El domingo 6 de marzo se celebra en Cheles la ruta &#8216;Balc\u00f3n de Alqueva&#8217;. La marcha circular e 16 kil\u00f3metros arrancar\u00e1 a las diez de la ma\u00f1ana en la playa de Cheles.<!-- AddThis Advanced Settings generic via filter on get_the_excerpt --><!-- AddThis Share Buttons generic via filter on get_the_excerpt --><\/p>\n","protected":false},"author":27,"featured_media":0,"comment_status":"open","ping_status":"closed","sticky":false,"template":"","format":"standard","meta":[],"categories":[3],"tags":[46,204,815,817,836,906,944,1035],"_links":{"self":[{"href":"https:\/\/blogs.hoy.es\/senderosextremadura\/wp-json\/wp\/v2\/posts\/3645"}],"collection":[{"href":"https:\/\/blogs.hoy.es\/senderosextremadura\/wp-json\/wp\/v2\/posts"}],"about":[{"href":"https:\/\/blogs.hoy.es\/senderosextremadura\/wp-json\/wp\/v2\/types\/post"}],"author":[{"embeddable":true,"href":"https:\/\/blogs.hoy.es\/senderosextremadura\/wp-json\/wp\/v2\/users\/27"}],"replies":[{"embeddable":true,"href":"https:\/\/blogs.hoy.es\/senderosextremadura\/wp-json\/wp\/v2\/comments?post=3645"}],"version-history":[{"count":0,"href":"https:\/\/blogs.hoy.es\/senderosextremadura\/wp-json\/wp\/v2\/posts\/3645\/revisions"}],"wp:attachment":[{"href":"https:\/\/blogs.hoy.es\/senderosextremadura\/wp-json\/wp\/v2\/media?parent=3645"}],"wp:term":[{"taxonomy":"category","embeddable":true,"href":"https:\/\/blogs.hoy.es\/senderosextremadura\/wp-json\/wp\/v2\/categories?post=3645"},{"taxonomy":"post_tag","embeddable":true,"href":"https:\/\/blogs.hoy.es\/senderosextremadura\/wp-json\/wp\/v2\/tags?post=3645"}],"curies":[{"name":"wp","href":"https:\/\/api.w.org\/{rel}","templated":true}]}}