{"id":3648,"date":"2016-02-29T09:59:52","date_gmt":"2016-02-29T09:59:52","guid":{"rendered":"http:\/\/blogs.hoy.es\/senderosextremadura\/?p=3648"},"modified":"2016-02-29T09:59:52","modified_gmt":"2016-02-29T09:59:52","slug":"marcha-por-las-sierras-del-trampal-y-la-lombriz-12-de-marzo","status":"publish","type":"post","link":"https:\/\/blogs.hoy.es\/senderosextremadura\/2016\/02\/29\/marcha-por-las-sierras-del-trampal-y-la-lombriz-12-de-marzo\/","title":{"rendered":"Marcha por las sierras del Trampal y la Lombriz (12 de marzo)"},"content":{"rendered":"<p style=\"text-align: center;\"><a href=\"https:\/\/blogs.hoy.es\/senderosextremadura\/\"><img loading=\"lazy\" class=\"aligncenter  wp-image-3649\" src=\"\/senderosextremadura\/wp-content\/uploads\/sites\/22\/2016\/02\/rutas-matanza.jpg\" alt=\"\" width=\"420\" height=\"594\" srcset=\"https:\/\/static-blogs.hoy.es\/wp-content\/uploads\/sites\/22\/2016\/02\/rutas-matanza.jpg 678w, https:\/\/static-blogs.hoy.es\/wp-content\/uploads\/sites\/22\/2016\/02\/rutas-matanza-212x300.jpg 212w, https:\/\/static-blogs.hoy.es\/wp-content\/uploads\/sites\/22\/2016\/02\/rutas-matanza-600x850.jpg 600w\" sizes=\"(max-width: 420px) 100vw, 420px\" \/><\/a><\/p>\n<p>El pr\u00f3ximo s\u00e1bado 12 de marzo tendr\u00e1 lugar la ruta senderista del circuito &#8216;5rutas5&#8217; Mancomunidad L\u00e1cara Los Bald\u00edos. La marcha recorrer\u00e1 las sierras del Trampal y La Lombriz, desde el municipio de Carmonita (Badajoz). Desde all\u00ed se divisa un excepcional paisaje de encinas, alcornoques y monte de jara. Adem\u00e1s de las buenas vistas, en esta actividad se disfrutar\u00e1 de la gastronom\u00eda popular gracias a la IV Matanza de Carmonita. Toda la informaci\u00f3n en la <a href=\" http:\/\/senderoslacarabaldios.blogspot.com.es\/ y en http:\/\/lacaralosbaldios.org\/noticias-blog\/\" target=\"_blank\">web de la orbanizaci\u00f3n.<\/a><\/p>\n<!-- AddThis Advanced Settings generic via filter on the_content --><!-- AddThis Share Buttons generic via filter on the_content -->","protected":false},"excerpt":{"rendered":"<p>El pr\u00f3ximo s\u00e1bado 12 de marzo tendr\u00e1 lugar la ruta senderista del circuito &#8216;5rutas5&#8217; Mancomunidad L\u00e1cara Los Bald\u00edos. La marcha recorrer\u00e1 las sierras del Trampal y La Lombriz, desde el municipio de Carmonita (Badajoz). Desde all\u00ed se divisa un excepcional paisaje de encinas, alcornoques y monte de jara. Adem\u00e1s de las buenas vistas, en esta [&hellip;]<!-- AddThis Advanced Settings generic via filter on get_the_excerpt --><!-- AddThis Share Buttons generic via filter on get_the_excerpt --><\/p>\n","protected":false},"author":27,"featured_media":0,"comment_status":"open","ping_status":"closed","sticky":false,"template":"","format":"standard","meta":[],"categories":[3],"tags":[817,821,836,906,944,1035],"_links":{"self":[{"href":"https:\/\/blogs.hoy.es\/senderosextremadura\/wp-json\/wp\/v2\/posts\/3648"}],"collection":[{"href":"https:\/\/blogs.hoy.es\/senderosextremadura\/wp-json\/wp\/v2\/posts"}],"about":[{"href":"https:\/\/blogs.hoy.es\/senderosextremadura\/wp-json\/wp\/v2\/types\/post"}],"author":[{"embeddable":true,"href":"https:\/\/blogs.hoy.es\/senderosextremadura\/wp-json\/wp\/v2\/users\/27"}],"replies":[{"embeddable":true,"href":"https:\/\/blogs.hoy.es\/senderosextremadura\/wp-json\/wp\/v2\/comments?post=3648"}],"version-history":[{"count":0,"href":"https:\/\/blogs.hoy.es\/senderosextremadura\/wp-json\/wp\/v2\/posts\/3648\/revisions"}],"wp:attachment":[{"href":"https:\/\/blogs.hoy.es\/senderosextremadura\/wp-json\/wp\/v2\/media?parent=3648"}],"wp:term":[{"taxonomy":"category","embeddable":true,"href":"https:\/\/blogs.hoy.es\/senderosextremadura\/wp-json\/wp\/v2\/categories?post=3648"},{"taxonomy":"post_tag","embeddable":true,"href":"https:\/\/blogs.hoy.es\/senderosextremadura\/wp-json\/wp\/v2\/tags?post=3648"}],"curies":[{"name":"wp","href":"https:\/\/api.w.org\/{rel}","templated":true}]}}