{"id":3651,"date":"2016-02-29T17:52:59","date_gmt":"2016-02-29T17:52:59","guid":{"rendered":"http:\/\/blogs.hoy.es\/senderosextremadura\/?p=3651"},"modified":"2016-02-29T17:52:59","modified_gmt":"2016-02-29T17:52:59","slug":"zalamea-recorre-el-13-de-marzo-su-iii-ruta-de-los-tartesos","status":"publish","type":"post","link":"https:\/\/blogs.hoy.es\/senderosextremadura\/2016\/02\/29\/zalamea-recorre-el-13-de-marzo-su-iii-ruta-de-los-tartesos\/","title":{"rendered":"Zalamea recorre el 13 de marzo su III Ruta de los Tartesos"},"content":{"rendered":"<p><a href=\"https:\/\/blogs.hoy.es\/senderosextremadura\/\"><img loading=\"lazy\" class=\"aligncenter size-large wp-image-3652\" title=\"Yacimiento tarteso de Cancho Roano, en las inmediaciones de Zalamea. \" src=\"\/senderosextremadura\/wp-content\/uploads\/sites\/22\/2016\/02\/CanchoRoano_E.jpg\" alt=\"\" width=\"600\" height=\"400\" srcset=\"https:\/\/static-blogs.hoy.es\/wp-content\/uploads\/sites\/22\/2016\/02\/CanchoRoano_E.jpg 1600w, https:\/\/static-blogs.hoy.es\/wp-content\/uploads\/sites\/22\/2016\/02\/CanchoRoano_E-300x200.jpg 300w, https:\/\/static-blogs.hoy.es\/wp-content\/uploads\/sites\/22\/2016\/02\/CanchoRoano_E-768x512.jpg 768w, https:\/\/static-blogs.hoy.es\/wp-content\/uploads\/sites\/22\/2016\/02\/CanchoRoano_E-600x400.jpg 600w\" sizes=\"(max-width: 600px) 100vw, 600px\" \/><\/a><\/p>\n<p>Zalamea de la Serena acoger\u00e1 el domingo 13 de marzo la III Ruta de los Tartesos. La marcha arrancar\u00e1 a las 9 de la ma\u00f1ana en la Plaza de Calder\u00f3n de la Barca de la localidad pacense. La marcha, organizada por Arsa Zalamea, \u00a0forma parte del Circuito Camina Extremadura y contar\u00e1 con la participaci\u00f3n de los actores del la representaci\u00f3n teatral del &#8216;Alcalde de Zalamea&#8217;.<\/p>\n<p><!--more--><\/p>\n<p>La distancia de la ruta es de 23 kms que transcurren por los distintos monumentos de la localida (como la Real Capilla del Sant\u00edsimo Cristo, el Dystilo romano y el astillo de Arribalavilla), hasta llegar al camino de la charca. A partir de ah\u00ed los senderistas comenzar\u00e1n a disfrutar libremente de los distintos caminos y senderos t\u00edpicos de la comarca de La Serena, rodeados de monte y encinares, y de otros monumentos como la presa romana y el yacimiento tart\u00e9sico de Cancho Roano, adem\u00e1s de la pedan\u00eda de Docenario.<\/p>\n<p>La cuota de inscripci\u00f3n es de tres euros.<\/p>\n<!-- AddThis Advanced Settings generic via filter on the_content --><!-- AddThis Share Buttons generic via filter on the_content -->","protected":false},"excerpt":{"rendered":"<p>Zalamea de la Serena acoger\u00e1 el domingo 13 de marzo la III Ruta de los Tartesos. La marcha arrancar\u00e1 a las 9 de la ma\u00f1ana en la Plaza de Calder\u00f3n de la Barca de la localidad pacense. La marcha, organizada por Arsa Zalamea, \u00a0forma parte del Circuito Camina Extremadura y contar\u00e1 con la participaci\u00f3n de [&hellip;]<!-- AddThis Advanced Settings generic via filter on get_the_excerpt --><!-- AddThis Share Buttons generic via filter on get_the_excerpt --><\/p>\n","protected":false},"author":27,"featured_media":0,"comment_status":"open","ping_status":"closed","sticky":false,"template":"","format":"standard","meta":[],"categories":[3],"tags":[738,817,836,906,944,1035],"_links":{"self":[{"href":"https:\/\/blogs.hoy.es\/senderosextremadura\/wp-json\/wp\/v2\/posts\/3651"}],"collection":[{"href":"https:\/\/blogs.hoy.es\/senderosextremadura\/wp-json\/wp\/v2\/posts"}],"about":[{"href":"https:\/\/blogs.hoy.es\/senderosextremadura\/wp-json\/wp\/v2\/types\/post"}],"author":[{"embeddable":true,"href":"https:\/\/blogs.hoy.es\/senderosextremadura\/wp-json\/wp\/v2\/users\/27"}],"replies":[{"embeddable":true,"href":"https:\/\/blogs.hoy.es\/senderosextremadura\/wp-json\/wp\/v2\/comments?post=3651"}],"version-history":[{"count":0,"href":"https:\/\/blogs.hoy.es\/senderosextremadura\/wp-json\/wp\/v2\/posts\/3651\/revisions"}],"wp:attachment":[{"href":"https:\/\/blogs.hoy.es\/senderosextremadura\/wp-json\/wp\/v2\/media?parent=3651"}],"wp:term":[{"taxonomy":"category","embeddable":true,"href":"https:\/\/blogs.hoy.es\/senderosextremadura\/wp-json\/wp\/v2\/categories?post=3651"},{"taxonomy":"post_tag","embeddable":true,"href":"https:\/\/blogs.hoy.es\/senderosextremadura\/wp-json\/wp\/v2\/tags?post=3651"}],"curies":[{"name":"wp","href":"https:\/\/api.w.org\/{rel}","templated":true}]}}