{"id":366,"date":"2012-04-12T22:09:17","date_gmt":"2012-04-12T22:09:17","guid":{"rendered":"http:\/\/blogs.hoy.es\/senderosextremadura\/?p=366"},"modified":"2012-04-12T22:09:17","modified_gmt":"2012-04-12T22:09:17","slug":"ruta-botanica-y-visita-al-paraje-de-las-potras-14-y-15-de-abril","status":"publish","type":"post","link":"https:\/\/blogs.hoy.es\/senderosextremadura\/2012\/04\/12\/ruta-botanica-y-visita-al-paraje-de-las-potras-14-y-15-de-abril\/","title":{"rendered":"Ruta bot\u00e1nica y visita al paraje de Las Potras (14 y 15 de abril)"},"content":{"rendered":"<h2><\/h2>\n<h2><a href=\"\/senderosextremadura\/wp-content\/uploads\/sites\/22\/2012\/04\/de.jpg\"><img loading=\"lazy\" class=\"alignleft size-full wp-image-370\" title=\"de\" src=\"\/senderosextremadura\/wp-content\/uploads\/sites\/22\/2012\/04\/de.jpg\" alt=\"\" width=\"648\" height=\"486\" srcset=\"https:\/\/static-blogs.hoy.es\/wp-content\/uploads\/sites\/22\/2012\/04\/de.jpg 720w, https:\/\/static-blogs.hoy.es\/wp-content\/uploads\/sites\/22\/2012\/04\/de-300x225.jpg 300w, https:\/\/static-blogs.hoy.es\/wp-content\/uploads\/sites\/22\/2012\/04\/de-600x450.jpg 600w\" sizes=\"(max-width: 648px) 100vw, 648px\" \/><\/a><\/h2>\n<h2><\/h2>\n<h2>La <strong>Asociaci\u00f3n Andares de Montehermoso<\/strong> llevar\u00e1 a cabo este fin de semana dos actividades relacionadas con la conservaci\u00f3n del medio natural. Por un lado realizar\u00e1 el s\u00e1bado 14 de abril una ruta bot\u00e1nica por \u00a0la dehesa boyal de Montehermoso en una jornada que dar\u00e1 a conocer el patrimonio natural de la dehesa \u00a0extreme\u00f1a. Se trata de \u00a0una actividad gratuita y apta para todas las edades.<\/h2>\n<h2><span style=\"text-decoration: underline;\"><strong>Ruta a Las Potras<\/strong><\/span><\/h2>\n<h2>Para el d\u00eda siguiente d\u00eda, 15 de abril, la Asociaci\u00f3n Andares har\u00e1 una ruta al paraje de las Potras.\u00a0La ruta tiene un recorrido de 18 kil\u00f3metros lineales y una dificultad media-baja. Los caminantes emprender\u00e1n la marcha desde Parque Municipal Pr\u00edncipe Felipe de Montehermoso a las 9 de la ma\u00f1ana.<\/h2>\n<h2>El espacio natural que \u00a0se halla en el t\u00e9rmino de Montehermoso, es un enclave privilegiado que est\u00e1 situado en los m\u00e1rgenes de \u00a0la Rivera del Bronco. Su espectacular relieve formado por rocas gran\u00edticas le confiere un car\u00e1cter \u00a0singular, sobre ellas la acci\u00f3n del agua y el viento ha labrado una serie de cuevas que llegan a constituir \u00a0una red laber\u00edntica de pasadizos subterr\u00e1neos y enormes pilas o pilancones fluviales.<a href=\"\/senderosextremadura\/wp-content\/uploads\/sites\/22\/2012\/04\/potas1.jpg\"><img loading=\"lazy\" class=\"alignleft size-full wp-image-371\" title=\"potas\" src=\"\/senderosextremadura\/wp-content\/uploads\/sites\/22\/2012\/04\/potas1.jpg\" alt=\"\" width=\"431\" height=\"324\" srcset=\"https:\/\/static-blogs.hoy.es\/wp-content\/uploads\/sites\/22\/2012\/04\/potas1.jpg 719w, https:\/\/static-blogs.hoy.es\/wp-content\/uploads\/sites\/22\/2012\/04\/potas1-300x225.jpg 300w, https:\/\/static-blogs.hoy.es\/wp-content\/uploads\/sites\/22\/2012\/04\/potas1-600x451.jpg 600w\" sizes=\"(max-width: 431px) 100vw, 431px\" \/><\/a><\/h2>\n<h2><span style=\"text-decoration: underline;\"><strong>Cuevas gran\u00edticas de Las Potras<\/strong><\/span><\/h2>\n<h2>En el inicio de las cuevas de las Potras el agua desaparece bruscamente entre las inmensas piedras de granito para ir labrando profundos agujeros (pilas) que con el paso del tiempo van erosion\u00e1ndose, dando lugar a extra\u00f1as formaciones y creando un conjunto que en la geomorfolog\u00eda gran\u00edtica se denominan marmitas de gigante (pilas o pilancones fluviales).<\/h2>\n<h2><span style=\"text-decoration: underline;\"><strong>Conservaci\u00f3n del medio\u00a0<\/strong><\/span><\/h2>\n<h2>Hay que tener en cuenta que este paraje est\u00e1 incluido en el\u00a0 <strong>Plan para la Recuperaci\u00f3n del Lince Ib\u00e9rico en Extremadura<\/strong> y est\u00e1 designado como \u00c1rea de Importancia para esta especie. As\u00ed mismo est\u00e1 incluido enla Red Natura2000, designado como LIC \u201cR\u00edos Alag\u00f3n y Jerte\u201d (ES4320071) que comprende el l\u00edmite del r\u00edo Alag\u00f3n yla Riveradel Bronco hasta la desembocadura en este r\u00edo.\u00a0 Otra figura de protecci\u00f3n que tiene el entorno de Las Potras es la de Zona IBA (Zona de Importancia para las Aves), declarada el pasado a\u00f1o a propuesta de Asociaci\u00f3n Andares y que est\u00e1 dentro dela IBA303 e<strong>mbalse de \u00a0Gabriel y Gal\u00e1n.<\/strong><\/h2>\n<h2><span style=\"text-decoration: underline;\"><strong>Acceso y seguridad<\/strong><\/span><\/h2>\n<h2>Hay que recordar que hay que pasar por fincas privadas, siendo recomendable pedir permiso a sus \u00a0due\u00f1os. Esta ruta especializada tiene una dificultad media-baja, no por el recorrido en s\u00ed, sino por las \u00a0circunstancias del paraje. La visita al interior de las cuevas de las Potras, es m\u00e1s adecuada a un tipo de \u00a0ruta espeleol\u00f3gica (ruta especializada), por lo que no es apta para todo el mundo. Hay que evitar en todo \u00a0lo posible bajar en d\u00edas de intensas lluvias a las cuevas por peligro de resbalamiento e inundaciones.<\/h2>\n<h2>Adem\u00e1s hay continuos cambios en las cuevas por causas de crecidas, erosiones, derrumbes o desprendimientos. Tambi\u00e9n hay que prestar atenci\u00f3n especial cuando las formaciones gran\u00edticas \u00a0superiores est\u00e1n h\u00famedas o mojadas, el liquen que las recubre puede hacer que resbalemos y hay zonas \u00a0muy peligrosas que nos pueden producir un serio accidente. En lo posible evitar visitar esta zona cuando \u00a0la Riveradel Bronco lleva mucho caudal de agua, y por supuesto debemos ir siempre acompa\u00f1ados por \u00a0gu\u00edas expertos o gente conocedora de la zona.<\/h2>\n<pre><strong>M\u00e1s informaci\u00f3n<\/strong><\/pre>\n<pre>Asociaci\u00f3n Andares<\/pre>\n<pre><a href=\"http:\/\/montehermosonatural.blogspot.com\" rel=\"external nofollow\">http:\/\/montehermosonatural.blogspot.com<\/a><\/pre>\n<pre>San Blas, 11 - 10810 Montehermoso (C\u00e1ceres)\nTel\u00e9fonos 927 675 451 \u2013 659 616 997 \u2013 686 753 791\nasociacionandares@hotmail.com<\/pre>\n<p>&nbsp;<\/p>\n<!-- AddThis Advanced Settings generic via filter on the_content --><!-- AddThis Share Buttons generic via filter on the_content -->","protected":false},"excerpt":{"rendered":"<p>La Asociaci\u00f3n Andares de Montehermoso llevar\u00e1 a cabo este fin de semana dos actividades relacionadas con la conservaci\u00f3n del medio natural. Por un lado realizar\u00e1 el s\u00e1bado 14 de abril una ruta bot\u00e1nica por \u00a0la dehesa boyal de Montehermoso en una jornada que dar\u00e1 a conocer el patrimonio natural de la dehesa \u00a0extreme\u00f1a. Se trata [&hellip;]<!-- AddThis Advanced Settings generic via filter on get_the_excerpt --><!-- AddThis Share Buttons generic via filter on get_the_excerpt --><\/p>\n","protected":false},"author":27,"featured_media":0,"comment_status":"open","ping_status":"closed","sticky":false,"template":"","format":"standard","meta":[],"categories":[4],"tags":[121,301,531,647,906],"_links":{"self":[{"href":"https:\/\/blogs.hoy.es\/senderosextremadura\/wp-json\/wp\/v2\/posts\/366"}],"collection":[{"href":"https:\/\/blogs.hoy.es\/senderosextremadura\/wp-json\/wp\/v2\/posts"}],"about":[{"href":"https:\/\/blogs.hoy.es\/senderosextremadura\/wp-json\/wp\/v2\/types\/post"}],"author":[{"embeddable":true,"href":"https:\/\/blogs.hoy.es\/senderosextremadura\/wp-json\/wp\/v2\/users\/27"}],"replies":[{"embeddable":true,"href":"https:\/\/blogs.hoy.es\/senderosextremadura\/wp-json\/wp\/v2\/comments?post=366"}],"version-history":[{"count":0,"href":"https:\/\/blogs.hoy.es\/senderosextremadura\/wp-json\/wp\/v2\/posts\/366\/revisions"}],"wp:attachment":[{"href":"https:\/\/blogs.hoy.es\/senderosextremadura\/wp-json\/wp\/v2\/media?parent=366"}],"wp:term":[{"taxonomy":"category","embeddable":true,"href":"https:\/\/blogs.hoy.es\/senderosextremadura\/wp-json\/wp\/v2\/categories?post=366"},{"taxonomy":"post_tag","embeddable":true,"href":"https:\/\/blogs.hoy.es\/senderosextremadura\/wp-json\/wp\/v2\/tags?post=366"}],"curies":[{"name":"wp","href":"https:\/\/api.w.org\/{rel}","templated":true}]}}