{"id":3695,"date":"2016-03-14T18:33:31","date_gmt":"2016-03-14T18:33:31","guid":{"rendered":"http:\/\/blogs.hoy.es\/senderosextremadura\/?p=3695"},"modified":"2016-03-14T18:33:31","modified_gmt":"2016-03-14T18:33:31","slug":"rutas-por-la-sierra-de-gata-en-abril","status":"publish","type":"post","link":"https:\/\/blogs.hoy.es\/senderosextremadura\/2016\/03\/14\/rutas-por-la-sierra-de-gata-en-abril\/","title":{"rendered":"Rutas por la Sierra de Gata en abril"},"content":{"rendered":"<div id=\"attachment_3697\" style=\"width: 610px\" class=\"wp-caption aligncenter\"><a href=\"https:\/\/blogs.hoy.es\/senderosextremadura\/\"><img aria-describedby=\"caption-attachment-3697\" loading=\"lazy\" class=\"size-large wp-image-3697\" title=\"\" src=\"\/senderosextremadura\/wp-content\/uploads\/sites\/22\/2016\/03\/castillo-trevejo-noche.jpg\" alt=\"\" width=\"600\" height=\"394\" srcset=\"https:\/\/static-blogs.hoy.es\/wp-content\/uploads\/sites\/22\/2016\/03\/castillo-trevejo-noche.jpg 700w, https:\/\/static-blogs.hoy.es\/wp-content\/uploads\/sites\/22\/2016\/03\/castillo-trevejo-noche-300x197.jpg 300w, https:\/\/static-blogs.hoy.es\/wp-content\/uploads\/sites\/22\/2016\/03\/castillo-trevejo-noche-600x394.jpg 600w\" sizes=\"(max-width: 600px) 100vw, 600px\" \/><\/a><p id=\"caption-attachment-3697\" class=\"wp-caption-text\">Castillo de Trevejo al caer la noche:: Apartamentos A Fala<\/p><\/div>\n<p>La Sierra de Gata ser\u00e1 escenario en el mes de abril de varias rutas senderistas. La primera tendr\u00e1 lugar el s\u00e1bado d\u00eda 9. Se trata de una marcha de dificultad baja que saldr\u00e1 a las diez de la ma\u00f1ana de Trevejo en direcci\u00f3n al Mirador de Jalama. En total se recorrer\u00e1n diez kil\u00f3metros.<\/p>\n<p>El precio de inscripci\u00f3n en esta actividad es de diez euros. Incluye gu\u00eda especializado, seguro, sorteo de regalos, comida y bebida. Las inscripciones se pueden realizar a trav\u00e9s de www.apartamentos-afala.es o en el tel\u00e9fono 629948712. <!--more--><br \/>\nLa siguiente caminata se celebrar\u00e1 el s\u00e1bado 23 de abril. Los caminantes saldr\u00e1n a las diez de la ma\u00f1ana desde Acebo y caminar\u00e1n hasta el pico J\u00e1lama. En este caso la inscripci\u00f3n tiene un precio de cinco euros. Los interesados pueden contactar a trav\u00e9s del mismo sistema.<\/p>\n<!-- AddThis Advanced Settings generic via filter on the_content --><!-- AddThis Share Buttons generic via filter on the_content -->","protected":false},"excerpt":{"rendered":"<p>La Sierra de Gata ser\u00e1 escenario en el mes de abril de varias rutas senderistas. La primera tendr\u00e1 lugar el s\u00e1bado d\u00eda 9. Se trata de una marcha de dificultad baja que saldr\u00e1 a las diez de la ma\u00f1ana de Trevejo en direcci\u00f3n al Mirador de Jalama. En total se recorrer\u00e1n diez kil\u00f3metros. El precio [&hellip;]<!-- AddThis Advanced Settings generic via filter on get_the_excerpt --><!-- AddThis Share Buttons generic via filter on get_the_excerpt --><\/p>\n","protected":false},"author":27,"featured_media":0,"comment_status":"open","ping_status":"closed","sticky":false,"template":"","format":"standard","meta":[],"categories":[3],"tags":[8,797,821,906,944,977,1036],"_links":{"self":[{"href":"https:\/\/blogs.hoy.es\/senderosextremadura\/wp-json\/wp\/v2\/posts\/3695"}],"collection":[{"href":"https:\/\/blogs.hoy.es\/senderosextremadura\/wp-json\/wp\/v2\/posts"}],"about":[{"href":"https:\/\/blogs.hoy.es\/senderosextremadura\/wp-json\/wp\/v2\/types\/post"}],"author":[{"embeddable":true,"href":"https:\/\/blogs.hoy.es\/senderosextremadura\/wp-json\/wp\/v2\/users\/27"}],"replies":[{"embeddable":true,"href":"https:\/\/blogs.hoy.es\/senderosextremadura\/wp-json\/wp\/v2\/comments?post=3695"}],"version-history":[{"count":0,"href":"https:\/\/blogs.hoy.es\/senderosextremadura\/wp-json\/wp\/v2\/posts\/3695\/revisions"}],"wp:attachment":[{"href":"https:\/\/blogs.hoy.es\/senderosextremadura\/wp-json\/wp\/v2\/media?parent=3695"}],"wp:term":[{"taxonomy":"category","embeddable":true,"href":"https:\/\/blogs.hoy.es\/senderosextremadura\/wp-json\/wp\/v2\/categories?post=3695"},{"taxonomy":"post_tag","embeddable":true,"href":"https:\/\/blogs.hoy.es\/senderosextremadura\/wp-json\/wp\/v2\/tags?post=3695"}],"curies":[{"name":"wp","href":"https:\/\/api.w.org\/{rel}","templated":true}]}}