{"id":3704,"date":"2016-03-17T17:51:34","date_gmt":"2016-03-17T17:51:34","guid":{"rendered":"http:\/\/blogs.hoy.es\/senderosextremadura\/?p=3704"},"modified":"2016-03-17T17:51:34","modified_gmt":"2016-03-17T17:51:34","slug":"alentejo-y-extremadura-se-unen-en-la-ruta-del-contrabando","status":"publish","type":"post","link":"https:\/\/blogs.hoy.es\/senderosextremadura\/2016\/03\/17\/alentejo-y-extremadura-se-unen-en-la-ruta-del-contrabando\/","title":{"rendered":"Alentejo y Extremadura se unen en la Ruta del Contrabando"},"content":{"rendered":"<div id=\"attachment_3706\" style=\"width: 430px\" class=\"wp-caption aligncenter\"><a href=\"https:\/\/blogs.hoy.es\/senderosextremadura\/\"><img aria-describedby=\"caption-attachment-3706\" loading=\"lazy\" class=\" wp-image-3706 \" src=\"\/senderosextremadura\/wp-content\/uploads\/sites\/22\/2016\/03\/embarcadero-cedillo.jpg\" alt=\"\" width=\"420\" height=\"280\" srcset=\"https:\/\/static-blogs.hoy.es\/wp-content\/uploads\/sites\/22\/2016\/03\/embarcadero-cedillo.jpg 3504w, https:\/\/static-blogs.hoy.es\/wp-content\/uploads\/sites\/22\/2016\/03\/embarcadero-cedillo-300x200.jpg 300w, https:\/\/static-blogs.hoy.es\/wp-content\/uploads\/sites\/22\/2016\/03\/embarcadero-cedillo-768x512.jpg 768w, https:\/\/static-blogs.hoy.es\/wp-content\/uploads\/sites\/22\/2016\/03\/embarcadero-cedillo-600x400.jpg 600w\" sizes=\"(max-width: 420px) 100vw, 420px\" \/><\/a><p id=\"caption-attachment-3706\" class=\"wp-caption-text\">Embarcadero de Cedillo:: HOY<\/p><\/div>\n<p>Senderistas portugueses y espa\u00f1oles van a hacer juntos la llamada Ruta del Contrabando, la que segu\u00edan los contrabandistas en el siglo XVII, que une la regi\u00f3n lusa del Alentejo con la espa\u00f1ola de Extremadura.<\/p>\n<p>Ser\u00e1 este s\u00e1bado cuando el grupo recorrer\u00e1 los casi 16 kil\u00f3metros que separan la localidad fronteriza de Montalv\u00e3o, en el Alto Alentejo, y el municipio cacere\u00f1o de Cedillo.<!--more--><\/p>\n<p>Esta ruta, que se hace desde hace diecisiete a\u00f1os, tiene como objetivo &#8220;fortalecer el intercambio cultural&#8221; entre la poblaci\u00f3n de las dos regiones, dijo Marco Moura, de la asociaci\u00f3n portuguesa de j\u00f3venes Inijovem, una de las organizadoras de esta iniciativa.<\/p>\n<p>Se pretende, adem\u00e1s, &#8220;recordar el contrabando&#8221; que hubo entre esas dos zonas de la llamada &#8220;Raya&#8221;, la zona lim\u00edtrofe entre los dos pa\u00edses.<\/p>\n<p>Moura destac\u00f3 la &#8220;belleza espectacular&#8221; del trayecto, que cambia cada edici\u00f3n, y el paseo en barco que incluye por el r\u00edo Sever, en la frontera, algo in\u00e9dito en este tipo de rutas de senderismo.<\/p>\n<p>Se esperan cerca de 700 participantes en esta decimos\u00e9ptima edici\u00f3n de la Ruta del Contrabando, 180 de ellos de Espa\u00f1a, en su mayor\u00eda de Extremadura.<\/p>\n<p>Fuente: EFE<\/p>\n<!-- AddThis Advanced Settings generic via filter on the_content --><!-- AddThis Share Buttons generic via filter on the_content -->","protected":false},"excerpt":{"rendered":"<p>Senderistas portugueses y espa\u00f1oles van a hacer juntos la llamada Ruta del Contrabando, la que segu\u00edan los contrabandistas en el siglo XVII, que une la regi\u00f3n lusa del Alentejo con la espa\u00f1ola de Extremadura. Ser\u00e1 este s\u00e1bado cuando el grupo recorrer\u00e1 los casi 16 kil\u00f3metros que separan la localidad fronteriza de Montalv\u00e3o, en el Alto [&hellip;]<!-- AddThis Advanced Settings generic via filter on get_the_excerpt --><!-- AddThis Share Buttons generic via filter on get_the_excerpt --><\/p>\n","protected":false},"author":27,"featured_media":0,"comment_status":"open","ping_status":"closed","sticky":false,"template":"","format":"standard","meta":[],"categories":[3],"tags":[28,190,520,696,743,849],"_links":{"self":[{"href":"https:\/\/blogs.hoy.es\/senderosextremadura\/wp-json\/wp\/v2\/posts\/3704"}],"collection":[{"href":"https:\/\/blogs.hoy.es\/senderosextremadura\/wp-json\/wp\/v2\/posts"}],"about":[{"href":"https:\/\/blogs.hoy.es\/senderosextremadura\/wp-json\/wp\/v2\/types\/post"}],"author":[{"embeddable":true,"href":"https:\/\/blogs.hoy.es\/senderosextremadura\/wp-json\/wp\/v2\/users\/27"}],"replies":[{"embeddable":true,"href":"https:\/\/blogs.hoy.es\/senderosextremadura\/wp-json\/wp\/v2\/comments?post=3704"}],"version-history":[{"count":0,"href":"https:\/\/blogs.hoy.es\/senderosextremadura\/wp-json\/wp\/v2\/posts\/3704\/revisions"}],"wp:attachment":[{"href":"https:\/\/blogs.hoy.es\/senderosextremadura\/wp-json\/wp\/v2\/media?parent=3704"}],"wp:term":[{"taxonomy":"category","embeddable":true,"href":"https:\/\/blogs.hoy.es\/senderosextremadura\/wp-json\/wp\/v2\/categories?post=3704"},{"taxonomy":"post_tag","embeddable":true,"href":"https:\/\/blogs.hoy.es\/senderosextremadura\/wp-json\/wp\/v2\/tags?post=3704"}],"curies":[{"name":"wp","href":"https:\/\/api.w.org\/{rel}","templated":true}]}}