{"id":3711,"date":"2016-03-28T15:52:56","date_gmt":"2016-03-28T15:52:56","guid":{"rendered":"http:\/\/blogs.hoy.es\/senderosextremadura\/?p=3711"},"modified":"2016-03-28T15:52:56","modified_gmt":"2016-03-28T15:52:56","slug":"ruta-por-la-sierra-de-alor-3-de-abril","status":"publish","type":"post","link":"https:\/\/blogs.hoy.es\/senderosextremadura\/2016\/03\/28\/ruta-por-la-sierra-de-alor-3-de-abril\/","title":{"rendered":"Ruta por la Sierra de Alor (3 de abril)"},"content":{"rendered":"<p><a href=\"https:\/\/blogs.hoy.es\/senderosextremadura\/\"><img loading=\"lazy\" class=\"aligncenter size-large wp-image-3713\" title=\"\" src=\"\/senderosextremadura\/wp-content\/uploads\/sites\/22\/2016\/03\/prisinas.jpg\" alt=\"\" width=\"600\" height=\"449\" srcset=\"https:\/\/static-blogs.hoy.es\/wp-content\/uploads\/sites\/22\/2016\/03\/prisinas.jpg 2048w, https:\/\/static-blogs.hoy.es\/wp-content\/uploads\/sites\/22\/2016\/03\/prisinas-300x225.jpg 300w, https:\/\/static-blogs.hoy.es\/wp-content\/uploads\/sites\/22\/2016\/03\/prisinas-768x576.jpg 768w, https:\/\/static-blogs.hoy.es\/wp-content\/uploads\/sites\/22\/2016\/03\/prisinas-600x450.jpg 600w\" sizes=\"(max-width: 600px) 100vw, 600px\" \/><\/a><\/p>\n<p>Este domingo 3 de abril, dentro del proyecto Findbike del club oliventino Os Pelinhas, se ha organizado una ruta senderista abierta a todo el p\u00fablico. Se trata de una marcha de dificultad media por la sierra de Alor en la que tambi\u00e9n participar\u00e1n miembros del club Prisi\u00f1as. Los participantes saldr\u00e1n del recinto ferial de Olivenza en bus a las 11:00 horas hasta San Jorge de Alor y regresar\u00e1n sobre las 14:00. <!--more-->La organizaci\u00f3n recomienda llevar mochila con agua y comida para disfrutar de las vistas desde el mirador. La ruta es gratuita e incluye una dosis de diversi\u00f3n y deporte.<\/p>\n<!-- AddThis Advanced Settings generic via filter on the_content --><!-- AddThis Share Buttons generic via filter on the_content -->","protected":false},"excerpt":{"rendered":"<p>Este domingo 3 de abril, dentro del proyecto Findbike del club oliventino Os Pelinhas, se ha organizado una ruta senderista abierta a todo el p\u00fablico. Se trata de una marcha de dificultad media por la sierra de Alor en la que tambi\u00e9n participar\u00e1n miembros del club Prisi\u00f1as. Los participantes saldr\u00e1n del recinto ferial de Olivenza [&hellip;]<!-- AddThis Advanced Settings generic via filter on get_the_excerpt --><!-- AddThis Share Buttons generic via filter on get_the_excerpt --><\/p>\n","protected":false},"author":27,"featured_media":0,"comment_status":"open","ping_status":"closed","sticky":false,"template":"","format":"standard","meta":[],"categories":[3],"tags":[804,805,862,906],"_links":{"self":[{"href":"https:\/\/blogs.hoy.es\/senderosextremadura\/wp-json\/wp\/v2\/posts\/3711"}],"collection":[{"href":"https:\/\/blogs.hoy.es\/senderosextremadura\/wp-json\/wp\/v2\/posts"}],"about":[{"href":"https:\/\/blogs.hoy.es\/senderosextremadura\/wp-json\/wp\/v2\/types\/post"}],"author":[{"embeddable":true,"href":"https:\/\/blogs.hoy.es\/senderosextremadura\/wp-json\/wp\/v2\/users\/27"}],"replies":[{"embeddable":true,"href":"https:\/\/blogs.hoy.es\/senderosextremadura\/wp-json\/wp\/v2\/comments?post=3711"}],"version-history":[{"count":0,"href":"https:\/\/blogs.hoy.es\/senderosextremadura\/wp-json\/wp\/v2\/posts\/3711\/revisions"}],"wp:attachment":[{"href":"https:\/\/blogs.hoy.es\/senderosextremadura\/wp-json\/wp\/v2\/media?parent=3711"}],"wp:term":[{"taxonomy":"category","embeddable":true,"href":"https:\/\/blogs.hoy.es\/senderosextremadura\/wp-json\/wp\/v2\/categories?post=3711"},{"taxonomy":"post_tag","embeddable":true,"href":"https:\/\/blogs.hoy.es\/senderosextremadura\/wp-json\/wp\/v2\/tags?post=3711"}],"curies":[{"name":"wp","href":"https:\/\/api.w.org\/{rel}","templated":true}]}}