{"id":3714,"date":"2016-03-29T08:50:58","date_gmt":"2016-03-29T08:50:58","guid":{"rendered":"http:\/\/blogs.hoy.es\/senderosextremadura\/?p=3714"},"modified":"2016-03-29T08:50:58","modified_gmt":"2016-03-29T08:50:58","slug":"viii-ruta-del-cerezo-en-flor-2-de-abril","status":"publish","type":"post","link":"https:\/\/blogs.hoy.es\/senderosextremadura\/2016\/03\/29\/viii-ruta-del-cerezo-en-flor-2-de-abril\/","title":{"rendered":"Tornavacas acoge la VIII Ruta del Cerezo en Flor (2 de abril)"},"content":{"rendered":"<p><a href=\"https:\/\/blogs.hoy.es\/senderosextremadura\/\"><img loading=\"lazy\" class=\"aligncenter size-large wp-image-3716\" title=\"\" src=\"\/senderosextremadura\/wp-content\/uploads\/sites\/22\/2016\/03\/valle-jerte.jpg\" alt=\"\" width=\"600\" height=\"400\" srcset=\"https:\/\/static-blogs.hoy.es\/wp-content\/uploads\/sites\/22\/2016\/03\/valle-jerte.jpg 1701w, https:\/\/static-blogs.hoy.es\/wp-content\/uploads\/sites\/22\/2016\/03\/valle-jerte-300x200.jpg 300w, https:\/\/static-blogs.hoy.es\/wp-content\/uploads\/sites\/22\/2016\/03\/valle-jerte-768x512.jpg 768w, https:\/\/static-blogs.hoy.es\/wp-content\/uploads\/sites\/22\/2016\/03\/valle-jerte-600x400.jpg 600w\" sizes=\"(max-width: 600px) 100vw, 600px\" \/><\/a><\/p>\n<p>El s\u00e1bado 2 de abril llega una importante cita del calendario senderista extreme\u00f1o. Coincidiendo con la floraci\u00f3n en el valle del Jerte se celebra la VIII Ruta Del Cerezo en Flor. <!--more-->Esta actividad tendr\u00e1 lugar en la localidad cacere\u00f1a de Tornavacas. La caminata discurre por lugares tan emblem\u00e1ticos de la comarca como la Ermita de Santa Mar\u00eda, la Reserva Natural Garganta de los Infiernos y sus impresionantes Pilones o el mirador del Chorrero de la Virgen.<\/p>\n<p>Al finalizar la ruta el Ayuntamiento de Tornavacas y el Grupo de Monta\u00f1a y Senderismo de la localidad ofrecer\u00e1n un chocolate para todos los asistentes a la ruta. El dinero recaudado con esta caminata (que tiene un precio de inscripci\u00f3n de 3 euros) se donar\u00e1 a una asociaci\u00f3n ben\u00e9fica.<\/p>\n<p>La salida tendr\u00e1 lugar a las nueve de la ma\u00f1ana desde la Plaza del Ayuntamiento de Tornavacas. El recorrido es de 22 kil\u00f3metros que se completar\u00e1n en un tiempo estimado de unas seis o siete horas. La dificultad es media.<\/p>\n<p>M\u00e1s <a href=\"http:\/\/primaveraycerezoenflor.blogspot.com.es\/2016\/03\/viii-ruta-senderista-del-cerezo-en-flor.html\" target=\"_blank\" rel=\"external nofollow\">informaci\u00f3n e inscripciones en este link.\u00a0<\/a><\/p>\n<!-- AddThis Advanced Settings generic via filter on the_content --><!-- AddThis Share Buttons generic via filter on the_content -->","protected":false},"excerpt":{"rendered":"<p>El s\u00e1bado 2 de abril llega una importante cita del calendario senderista extreme\u00f1o. Coincidiendo con la floraci\u00f3n en el valle del Jerte se celebra la VIII Ruta Del Cerezo en Flor.<!-- AddThis Advanced Settings generic via filter on get_the_excerpt --><!-- AddThis Share Buttons generic via filter on get_the_excerpt --><\/p>\n","protected":false},"author":27,"featured_media":0,"comment_status":"open","ping_status":"closed","sticky":false,"template":"","format":"standard","meta":[],"categories":[3],"tags":[196,821,830,906,1035,1063],"_links":{"self":[{"href":"https:\/\/blogs.hoy.es\/senderosextremadura\/wp-json\/wp\/v2\/posts\/3714"}],"collection":[{"href":"https:\/\/blogs.hoy.es\/senderosextremadura\/wp-json\/wp\/v2\/posts"}],"about":[{"href":"https:\/\/blogs.hoy.es\/senderosextremadura\/wp-json\/wp\/v2\/types\/post"}],"author":[{"embeddable":true,"href":"https:\/\/blogs.hoy.es\/senderosextremadura\/wp-json\/wp\/v2\/users\/27"}],"replies":[{"embeddable":true,"href":"https:\/\/blogs.hoy.es\/senderosextremadura\/wp-json\/wp\/v2\/comments?post=3714"}],"version-history":[{"count":0,"href":"https:\/\/blogs.hoy.es\/senderosextremadura\/wp-json\/wp\/v2\/posts\/3714\/revisions"}],"wp:attachment":[{"href":"https:\/\/blogs.hoy.es\/senderosextremadura\/wp-json\/wp\/v2\/media?parent=3714"}],"wp:term":[{"taxonomy":"category","embeddable":true,"href":"https:\/\/blogs.hoy.es\/senderosextremadura\/wp-json\/wp\/v2\/categories?post=3714"},{"taxonomy":"post_tag","embeddable":true,"href":"https:\/\/blogs.hoy.es\/senderosextremadura\/wp-json\/wp\/v2\/tags?post=3714"}],"curies":[{"name":"wp","href":"https:\/\/api.w.org\/{rel}","templated":true}]}}