{"id":3717,"date":"2016-03-29T16:48:05","date_gmt":"2016-03-29T16:48:05","guid":{"rendered":"http:\/\/blogs.hoy.es\/senderosextremadura\/?p=3717"},"modified":"2016-03-29T16:48:05","modified_gmt":"2016-03-29T16:48:05","slug":"una-ruta-rememora-el-16-de-abril-la-visita-de-alfonso-xiii-a-las-hurdes","status":"publish","type":"post","link":"https:\/\/blogs.hoy.es\/senderosextremadura\/2016\/03\/29\/una-ruta-rememora-el-16-de-abril-la-visita-de-alfonso-xiii-a-las-hurdes\/","title":{"rendered":"Una ruta rememora el 16 de abril la visita de Alfonso XIII a Las Hurdes"},"content":{"rendered":"<p><a href=\"https:\/\/blogs.hoy.es\/senderosextremadura\/\"><img loading=\"lazy\" class=\"aligncenter size-full wp-image-3718\" title=\"Alfonso XIII, charla con ni\u00f1os hurdanos en su visita a la comarca en 1922.\" src=\"\/senderosextremadura\/wp-content\/uploads\/sites\/22\/2016\/03\/alfonso.jpg\" alt=\"\" width=\"600\" height=\"450\" \/><\/a><\/p>\n<p>Una ruta senderista recordar\u00e1 el pr\u00f3ximo 16 de abril el recorrido que el Rey Alfonso XIII realiz\u00f3 por Las Hurdes, en lo que fue el \u00faltimo tramo del hist\u00f3rico viaje que hizo el monarca a la comarca cacere\u00f1a en el a\u00f1o 1922.<\/p>\n<p>La ruta, organizada por la Mancomunidad de Municipios de Las Hurdes, pretende satisfacer el &#8220;creciente inter\u00e9s&#8221; de los caminantes por recorrer caminos hist\u00f3ricos como medio para conocer con m\u00e1s detalle los recursos de los lugares donde se insertan, seg\u00fan ha se\u00f1alado la instituci\u00f3n mancomunada en una nota.<!--more--><\/p>\n<p>As\u00ed, con motivo del viaje del Rey Alfonso XIII realiz\u00f3 a la comarca all\u00e1 por el a\u00f1o 1922, se ha creado una senda que lleva su nombre, y que &#8220;permite rememorar aquella y adentrarse en los lugares donde estuvo para comprobar de primera mano, en la actualidad, un sin fin de sensaciones&#8221;, ha asegurado la organizaci\u00f3n.<\/p>\n<p>El recorrido abarca el \u00faltimo tramo del viaje real, entre las localidades de Casares de Las Hurdes y Las Mestas, con paso por Riomalo de Arriba, Ladrillar y Cabezo.<\/p>\n<p>En total, 22 kil\u00f3metros de recorrido homologado que discurre casi en su totalidad por la senda original.<\/p>\n<p>La ruta estren\u00f3 hace dos a\u00f1os una nueva se\u00f1al\u00e9tica direccional, que permite a los senderistas tener durante todo el recorrido una informaci\u00f3n detallada de las distancias kilom\u00e9tricas a cada localidad y el nombre de los lugares de paso.<\/p>\n<p>Se ofrece tambi\u00e9n la posibilidad de poder realizar la senda en ambos sentidos, Casares-Las Mestas o Las Mestas-Casares, todo ello con el desdoble de dichas se\u00f1ales en los puntos pertinentes.<\/p>\n<p>A tenor de la progresi\u00f3n ascendente en cuanto a participaci\u00f3n se refiere, se calcula que este a\u00f1o se superar\u00e1n las 300 personas venidas de las distintas localidades extreme\u00f1as y de las colindantes de Salamanca, B\u00e9jar, Ciudad Rodrigo y La Alberca.<\/p>\n<p>Fuente: EFE<\/p>\n<!-- AddThis Advanced Settings generic via filter on the_content --><!-- AddThis Share Buttons generic via filter on the_content -->","protected":false},"excerpt":{"rendered":"<p>Una ruta senderista recordar\u00e1 el pr\u00f3ximo 16 de abril el recorrido que el Rey Alfonso XIII realiz\u00f3 por Las Hurdes, en lo que fue el \u00faltimo tramo del hist\u00f3rico viaje que hizo el monarca a la comarca cacere\u00f1a en el a\u00f1o 1922. La ruta, organizada por la Mancomunidad de Municipios de Las Hurdes, pretende satisfacer [&hellip;]<!-- AddThis Advanced Settings generic via filter on get_the_excerpt --><!-- AddThis Share Buttons generic via filter on get_the_excerpt --><\/p>\n","protected":false},"author":27,"featured_media":0,"comment_status":"open","ping_status":"closed","sticky":false,"template":"","format":"standard","meta":[],"categories":[3],"tags":[444,821,856,906,1035],"_links":{"self":[{"href":"https:\/\/blogs.hoy.es\/senderosextremadura\/wp-json\/wp\/v2\/posts\/3717"}],"collection":[{"href":"https:\/\/blogs.hoy.es\/senderosextremadura\/wp-json\/wp\/v2\/posts"}],"about":[{"href":"https:\/\/blogs.hoy.es\/senderosextremadura\/wp-json\/wp\/v2\/types\/post"}],"author":[{"embeddable":true,"href":"https:\/\/blogs.hoy.es\/senderosextremadura\/wp-json\/wp\/v2\/users\/27"}],"replies":[{"embeddable":true,"href":"https:\/\/blogs.hoy.es\/senderosextremadura\/wp-json\/wp\/v2\/comments?post=3717"}],"version-history":[{"count":0,"href":"https:\/\/blogs.hoy.es\/senderosextremadura\/wp-json\/wp\/v2\/posts\/3717\/revisions"}],"wp:attachment":[{"href":"https:\/\/blogs.hoy.es\/senderosextremadura\/wp-json\/wp\/v2\/media?parent=3717"}],"wp:term":[{"taxonomy":"category","embeddable":true,"href":"https:\/\/blogs.hoy.es\/senderosextremadura\/wp-json\/wp\/v2\/categories?post=3717"},{"taxonomy":"post_tag","embeddable":true,"href":"https:\/\/blogs.hoy.es\/senderosextremadura\/wp-json\/wp\/v2\/tags?post=3717"}],"curies":[{"name":"wp","href":"https:\/\/api.w.org\/{rel}","templated":true}]}}