{"id":3720,"date":"2016-03-31T08:42:31","date_gmt":"2016-03-31T08:42:31","guid":{"rendered":"http:\/\/blogs.hoy.es\/senderosextremadura\/?p=3720"},"modified":"2016-03-31T08:42:31","modified_gmt":"2016-03-31T08:42:31","slug":"coria-organiza-una-circular-por-ceclavin-10-de-abril","status":"publish","type":"post","link":"https:\/\/blogs.hoy.es\/senderosextremadura\/2016\/03\/31\/coria-organiza-una-circular-por-ceclavin-10-de-abril\/","title":{"rendered":"Coria organiza una circular por Ceclav\u00edn (10 de abril)"},"content":{"rendered":"<p><a href=\"https:\/\/blogs.hoy.es\/senderosextremadura\/\"><img loading=\"lazy\" class=\"aligncenter size-large wp-image-3721\" title=\"\" src=\"\/senderosextremadura\/wp-content\/uploads\/sites\/22\/2016\/03\/ruta.png\" alt=\"\" width=\"600\" height=\"310\" srcset=\"https:\/\/static-blogs.hoy.es\/wp-content\/uploads\/sites\/22\/2016\/03\/ruta.png 847w, https:\/\/static-blogs.hoy.es\/wp-content\/uploads\/sites\/22\/2016\/03\/ruta-300x155.png 300w, https:\/\/static-blogs.hoy.es\/wp-content\/uploads\/sites\/22\/2016\/03\/ruta-768x398.png 768w, https:\/\/static-blogs.hoy.es\/wp-content\/uploads\/sites\/22\/2016\/03\/ruta-600x311.png 600w\" sizes=\"(max-width: 600px) 100vw, 600px\" \/><\/a><\/p>\n<p>El Departamento de Deportes del Ayuntamiento de Coria ha organizado la <strong>ruta senderista Cabeza de la Brama-Ceclav\u00edn<\/strong>. Se trata de una marcha circular de unos 15 kil\u00f3metros con salida y llegada en la poblaci\u00f3n cacere\u00f1a. La ruta se celebrar\u00e1 el <strong>domingo 10 de abril<\/strong>. <!--more-->Los caminantes saldr\u00e1n en autob\u00fas a las 8.30 de la ma\u00f1ana de la Casa de Cultura de Coria. El coste de inscripci\u00f3n es de 7 euros para personas federadas y de 10 para no federados.<br \/>\nToda la informaci\u00f3n sobre la <a href=\"http:\/\/deportescoria.blogspot.com\" target=\"_blank\" rel=\"external nofollow\">inscripci\u00f3n en este link<\/a>. La fecha l\u00edmite para apuntarse es el 7 de abril.<\/p>\n<!-- AddThis Advanced Settings generic via filter on the_content --><!-- AddThis Share Buttons generic via filter on the_content -->","protected":false},"excerpt":{"rendered":"<p>El Departamento de Deportes del Ayuntamiento de Coria ha organizado la ruta senderista Cabeza de la Brama-Ceclav\u00edn. Se trata de una marcha circular de unos 15 kil\u00f3metros con salida y llegada en la poblaci\u00f3n cacere\u00f1a. La ruta se celebrar\u00e1 el domingo 10 de abril.<!-- AddThis Advanced Settings generic via filter on get_the_excerpt --><!-- AddThis Share Buttons generic via filter on get_the_excerpt --><\/p>\n","protected":false},"author":27,"featured_media":0,"comment_status":"open","ping_status":"closed","sticky":false,"template":"","format":"standard","meta":[],"categories":[3],"tags":[239,804,821,823,873,906,944,1035],"_links":{"self":[{"href":"https:\/\/blogs.hoy.es\/senderosextremadura\/wp-json\/wp\/v2\/posts\/3720"}],"collection":[{"href":"https:\/\/blogs.hoy.es\/senderosextremadura\/wp-json\/wp\/v2\/posts"}],"about":[{"href":"https:\/\/blogs.hoy.es\/senderosextremadura\/wp-json\/wp\/v2\/types\/post"}],"author":[{"embeddable":true,"href":"https:\/\/blogs.hoy.es\/senderosextremadura\/wp-json\/wp\/v2\/users\/27"}],"replies":[{"embeddable":true,"href":"https:\/\/blogs.hoy.es\/senderosextremadura\/wp-json\/wp\/v2\/comments?post=3720"}],"version-history":[{"count":0,"href":"https:\/\/blogs.hoy.es\/senderosextremadura\/wp-json\/wp\/v2\/posts\/3720\/revisions"}],"wp:attachment":[{"href":"https:\/\/blogs.hoy.es\/senderosextremadura\/wp-json\/wp\/v2\/media?parent=3720"}],"wp:term":[{"taxonomy":"category","embeddable":true,"href":"https:\/\/blogs.hoy.es\/senderosextremadura\/wp-json\/wp\/v2\/categories?post=3720"},{"taxonomy":"post_tag","embeddable":true,"href":"https:\/\/blogs.hoy.es\/senderosextremadura\/wp-json\/wp\/v2\/tags?post=3720"}],"curies":[{"name":"wp","href":"https:\/\/api.w.org\/{rel}","templated":true}]}}