{"id":3723,"date":"2016-03-31T09:10:07","date_gmt":"2016-03-31T09:10:07","guid":{"rendered":"http:\/\/blogs.hoy.es\/senderosextremadura\/?p=3723"},"modified":"2016-03-31T09:10:07","modified_gmt":"2016-03-31T09:10:07","slug":"senderismo-slow-por-monfrague-3-de-abril","status":"publish","type":"post","link":"https:\/\/blogs.hoy.es\/senderosextremadura\/2016\/03\/31\/senderismo-slow-por-monfrague-3-de-abril\/","title":{"rendered":"Senderismo &#039;slow&#039; por Monfrag\u00fce (3 de abril)"},"content":{"rendered":"<p><a href=\"https:\/\/blogs.hoy.es\/senderosextremadura\/\"><img loading=\"lazy\" class=\"aligncenter size-large wp-image-3724\" title=\"\" src=\"\/senderosextremadura\/wp-content\/uploads\/sites\/22\/2016\/03\/slow-travel.jpg\" alt=\"\" width=\"600\" height=\"282\" srcset=\"https:\/\/static-blogs.hoy.es\/wp-content\/uploads\/sites\/22\/2016\/03\/slow-travel.jpg 1317w, https:\/\/static-blogs.hoy.es\/wp-content\/uploads\/sites\/22\/2016\/03\/slow-travel-300x141.jpg 300w, https:\/\/static-blogs.hoy.es\/wp-content\/uploads\/sites\/22\/2016\/03\/slow-travel-768x361.jpg 768w, https:\/\/static-blogs.hoy.es\/wp-content\/uploads\/sites\/22\/2016\/03\/slow-travel-600x282.jpg 600w\" sizes=\"(max-width: 600px) 100vw, 600px\" \/><\/a><\/p>\n<p>Este domingo 3 de abril puedes disfrutar del senderismo &#8216;slow&#8217; en el Parque Nacional de Monfrag\u00fce. El objetivo de la marcha de unos cinco kil\u00f3metros es disfrutar con tranquilidad del paisaje avistando \u00a0al alimocho, avi\u00f3n roquero, chova piquirroja, roquero solitario, la cig\u00fce\u00f1a negra, y los buitres negro y leonado. <!--more-->Se trata de una marcha guiada por las fuentes de la umbr\u00eda, que incluye avistamiento con telescopios, prism\u00e1ticos y gu\u00edas de aves en el Salto del Gitano, con una gu\u00eda experta que ofrece explicaciones tanto del entorno como de las aves y la vegetaci\u00f3n. Se trata de seguir las m\u00e1ximas del &#8216;slow travel&#8217;, que \u00a0consiste en hacer rutas aptas para todos los p\u00fablicos en las que lo principal no es el n\u00famero de kil\u00f3metros recorridos, sino la calidad de la experiencia. Se trata de viajar experimentando y disfrutando las sensaciones del camino. Los participantes saldr\u00e1n a las 10.15 horas desde las Fuentes del Franc\u00e9s.<\/p>\n<p>El precio de la actividad es de 6 euros. Para informaci\u00f3n y reservas hay que contactar con Rutas por Extremadura en el m\u00f3vil 606017239.<\/p>\n<!-- AddThis Advanced Settings generic via filter on the_content --><!-- AddThis Share Buttons generic via filter on the_content -->","protected":false},"excerpt":{"rendered":"<p>Este domingo 3 de abril puedes disfrutar del senderismo &#8216;slow&#8217; en el Parque Nacional de Monfrag\u00fce. El objetivo de la marcha de unos cinco kil\u00f3metros es disfrutar con tranquilidad del paisaje avistando \u00a0al alimocho, avi\u00f3n roquero, chova piquirroja, roquero solitario, la cig\u00fce\u00f1a negra, y los buitres negro y leonado.<!-- AddThis Advanced Settings generic via filter on get_the_excerpt --><!-- AddThis Share Buttons generic via filter on get_the_excerpt --><\/p>\n","protected":false},"author":27,"featured_media":0,"comment_status":"open","ping_status":"closed","sticky":false,"template":"","format":"standard","meta":[],"categories":[3],"tags":[515,821,904],"_links":{"self":[{"href":"https:\/\/blogs.hoy.es\/senderosextremadura\/wp-json\/wp\/v2\/posts\/3723"}],"collection":[{"href":"https:\/\/blogs.hoy.es\/senderosextremadura\/wp-json\/wp\/v2\/posts"}],"about":[{"href":"https:\/\/blogs.hoy.es\/senderosextremadura\/wp-json\/wp\/v2\/types\/post"}],"author":[{"embeddable":true,"href":"https:\/\/blogs.hoy.es\/senderosextremadura\/wp-json\/wp\/v2\/users\/27"}],"replies":[{"embeddable":true,"href":"https:\/\/blogs.hoy.es\/senderosextremadura\/wp-json\/wp\/v2\/comments?post=3723"}],"version-history":[{"count":0,"href":"https:\/\/blogs.hoy.es\/senderosextremadura\/wp-json\/wp\/v2\/posts\/3723\/revisions"}],"wp:attachment":[{"href":"https:\/\/blogs.hoy.es\/senderosextremadura\/wp-json\/wp\/v2\/media?parent=3723"}],"wp:term":[{"taxonomy":"category","embeddable":true,"href":"https:\/\/blogs.hoy.es\/senderosextremadura\/wp-json\/wp\/v2\/categories?post=3723"},{"taxonomy":"post_tag","embeddable":true,"href":"https:\/\/blogs.hoy.es\/senderosextremadura\/wp-json\/wp\/v2\/tags?post=3723"}],"curies":[{"name":"wp","href":"https:\/\/api.w.org\/{rel}","templated":true}]}}