{"id":3726,"date":"2016-04-01T08:48:14","date_gmt":"2016-04-01T08:48:14","guid":{"rendered":"http:\/\/blogs.hoy.es\/senderosextremadura\/?p=3726"},"modified":"2016-04-01T08:48:14","modified_gmt":"2016-04-01T08:48:14","slug":"500-senderistas-recorren-el-domingo-la-transfrontera-de-valencia-de-alcantara","status":"publish","type":"post","link":"https:\/\/blogs.hoy.es\/senderosextremadura\/2016\/04\/01\/500-senderistas-recorren-el-domingo-la-transfrontera-de-valencia-de-alcantara\/","title":{"rendered":"500 senderistas recorren el domingo la Transfrontera de Valencia de Alc\u00e1ntara"},"content":{"rendered":"<p><span style=\"font-size: 13px; line-height: 19px;\">Unos 500 senderistas se dar\u00e1n cita este domingo, 3 de abril, en la XVII Ruta Transfrontera de la localidad cacere\u00f1a de Valencia de Alc\u00e1ntara, una cita que este a\u00f1o cuenta con la novedad de incluir la I Carrera Trail por la Raya hispano-lusa.<\/span><\/p>\n<p><!--more--><\/p>\n<p>La Ruta Transfrontera comprende una distancia de 24 kil\u00f3metros con un recorrido de un tiempo estimado de seis horas y media en el que destaca un entorno marcado por su paisaje y vegetaci\u00f3n.<\/p>\n<p>La salida de la Carrera Trail tendr\u00e1 lugar a las nueve de la ma\u00f1ana mientras que la de la ruta senderista ser\u00e1 a las 9:15 horas desde el albergue Santa Mar\u00eda de Guadalupe.<\/p>\n<p>Los participantes podr\u00e1n disfrutar de una variada vegetaci\u00f3n, con zonas de pinos, casta\u00f1os o alcornoques, y una geolog\u00eda en la que destaca un enorme batolito gran\u00edtico que se va extendiendo durante kil\u00f3metros con diversas formaciones singulares y gran cantidad de d\u00f3lmenes, seg\u00fan han explicado a Efe desde el ayuntamiento.<\/p>\n<p>En el recorrido se revelan aut\u00e9nticas zonas de inter\u00e9s por su pasado, elementos &#8220;claves&#8221; del contrabando como La Duda, El Cortijo de la Paja o El Pino, nombres que se han difundido a trav\u00e9s de los libros y art\u00edculos realizados sobre este asunto en Extremadura.<\/p>\n<p>La ruta senderista transcurrir\u00e1 por un sendero con subida hasta la Sierra de Agua Fr\u00eda, donde a trav\u00e9s de sus pistas es flanqueada para acabar bajando a la poblaci\u00f3n de Pino, tras salir de sus valles por Las Carrizas.<\/p>\n<p>La marcha continuar\u00e1 alternando viejos tramos y pistas forestales con todo tipo de vegetaci\u00f3n aut\u00f3ctona y de repoblaci\u00f3n hasta llegar al cortijo de La Paja en el l\u00edmite sur de la ruta y, desde esta zona, se bajar\u00e1 hasta la peque\u00f1a pedan\u00eda de Jola.<\/p>\n<p>Despu\u00e9s de atravesar esta pedan\u00eda se llegar\u00e1 al collado del Jiniebro y La Ace\u00f1a, famosa por sus molinos, as\u00ed como del batolito gran\u00edtico que se destapa tras ellos hasta llegar a los d\u00f3lmenes de Los Mellizos pasando por el manantial de La Pisa de la Vaca, siguiendo el arroyo y en direcci\u00f3n hacia la encrucijada de Puerto Roque hasta terminar en lugar de inicio, es decir, en el albergue.<\/p>\n<p>Este a\u00f1o tambi\u00e9n se realizar\u00e1 una Ruta Infantil Transfrontera con actividades de animaci\u00f3n durante toda la ma\u00f1ana en el citado albergue (solo para hijos de participantes).<\/p>\n<p>Un d\u00eda antes, el s\u00e1bado, habr\u00e1 actividades paralelas a la Ruta Transfrontera como una marcha por el paseo fluvial y una visita a la queser\u00eda artesanal Capri (con salida a las 10.00 horas desde el Parque de Espa\u00f1a).<\/p>\n<p>Las inscripciones en la Oficina de Turismo son gratuitas y se realizar\u00e1 adem\u00e1s de una visita al Patrimonio Hist\u00f3rico de Valencia de Alc\u00e1ntara, con salida a las 18:00 horas desde la oficina.<\/p>\n<p>Fuente: EFE<\/p>\n<!-- AddThis Advanced Settings generic via filter on the_content --><!-- AddThis Share Buttons generic via filter on the_content -->","protected":false},"excerpt":{"rendered":"<p>Unos 500 senderistas se dar\u00e1n cita este domingo, 3 de abril, en la XVII Ruta Transfrontera de la localidad cacere\u00f1a de Valencia de Alc\u00e1ntara, una cita que este a\u00f1o cuenta con la novedad de incluir la I Carrera Trail por la Raya hispano-lusa.<!-- AddThis Advanced Settings generic via filter on get_the_excerpt --><!-- AddThis Share Buttons generic via filter on get_the_excerpt --><\/p>\n","protected":false},"author":27,"featured_media":0,"comment_status":"open","ping_status":"closed","sticky":false,"template":"","format":"standard","meta":[],"categories":[3],"tags":[787,821,906,1055],"_links":{"self":[{"href":"https:\/\/blogs.hoy.es\/senderosextremadura\/wp-json\/wp\/v2\/posts\/3726"}],"collection":[{"href":"https:\/\/blogs.hoy.es\/senderosextremadura\/wp-json\/wp\/v2\/posts"}],"about":[{"href":"https:\/\/blogs.hoy.es\/senderosextremadura\/wp-json\/wp\/v2\/types\/post"}],"author":[{"embeddable":true,"href":"https:\/\/blogs.hoy.es\/senderosextremadura\/wp-json\/wp\/v2\/users\/27"}],"replies":[{"embeddable":true,"href":"https:\/\/blogs.hoy.es\/senderosextremadura\/wp-json\/wp\/v2\/comments?post=3726"}],"version-history":[{"count":0,"href":"https:\/\/blogs.hoy.es\/senderosextremadura\/wp-json\/wp\/v2\/posts\/3726\/revisions"}],"wp:attachment":[{"href":"https:\/\/blogs.hoy.es\/senderosextremadura\/wp-json\/wp\/v2\/media?parent=3726"}],"wp:term":[{"taxonomy":"category","embeddable":true,"href":"https:\/\/blogs.hoy.es\/senderosextremadura\/wp-json\/wp\/v2\/categories?post=3726"},{"taxonomy":"post_tag","embeddable":true,"href":"https:\/\/blogs.hoy.es\/senderosextremadura\/wp-json\/wp\/v2\/tags?post=3726"}],"curies":[{"name":"wp","href":"https:\/\/api.w.org\/{rel}","templated":true}]}}