{"id":3729,"date":"2016-04-04T09:39:39","date_gmt":"2016-04-04T09:39:39","guid":{"rendered":"http:\/\/blogs.hoy.es\/senderosextremadura\/?p=3729"},"modified":"2016-04-04T09:39:39","modified_gmt":"2016-04-04T09:39:39","slug":"caminar-bajo-una-lluvia-de-petalos-23-de-abril","status":"publish","type":"post","link":"https:\/\/blogs.hoy.es\/senderosextremadura\/2016\/04\/04\/caminar-bajo-una-lluvia-de-petalos-23-de-abril\/","title":{"rendered":"Caminar bajo una lluvia de p\u00e9talos (23 de abril)"},"content":{"rendered":"<p><a href=\"https:\/\/blogs.hoy.es\/senderosextremadura\/\"><img loading=\"lazy\" class=\"aligncenter size-large wp-image-3730\" title=\"\" src=\"\/senderosextremadura\/wp-content\/uploads\/sites\/22\/2016\/04\/Cerezo-en-flor-Valle-del-Jerte_xoptimizadax.jpg\" alt=\"\" width=\"600\" height=\"408\" srcset=\"https:\/\/static-blogs.hoy.es\/wp-content\/uploads\/sites\/22\/2016\/04\/Cerezo-en-flor-Valle-del-Jerte_xoptimizadax.jpg 900w, https:\/\/static-blogs.hoy.es\/wp-content\/uploads\/sites\/22\/2016\/04\/Cerezo-en-flor-Valle-del-Jerte_xoptimizadax-300x204.jpg 300w, https:\/\/static-blogs.hoy.es\/wp-content\/uploads\/sites\/22\/2016\/04\/Cerezo-en-flor-Valle-del-Jerte_xoptimizadax-768x522.jpg 768w, https:\/\/static-blogs.hoy.es\/wp-content\/uploads\/sites\/22\/2016\/04\/Cerezo-en-flor-Valle-del-Jerte_xoptimizadax-600x408.jpg 600w\" sizes=\"(max-width: 600px) 100vw, 600px\" \/><\/a><\/p>\n<p>El pr\u00f3ximo 23 de abril se celebra una nueva marcha por el Valle del Jerte. Se trata de la ruta\u00a0senderista solidaria &#8216;Lluvia de p\u00e9talos&#8217;, a favor de la Asociaci\u00f3n Ayuda a Valeria. La salida tendr\u00e1 lugar a las 9 de la ma\u00f1ana de la Plaza de Extremadura. La marcha se celebra en Cabezuela del Valle y tiene un recorrido de 11 kil\u00f3metros. El tiempo aproximado de recorrido es de cuatro horas. <!--more-->La inscripci\u00f3n tiene un coste de tres euros. Hay que hacer el ingreso en el n\u00famero de cuenta 2048.1020.98.3400000536 (una vez realizada la inscripci\u00f3n y pago, comunicarlo al n\u00famero 625.35.75.37). A la llegada habr\u00e1 una degustaci\u00f3n de migas extreme\u00f1as.<\/p>\n<p>La actividad est\u00e1 organizada por el Ayuntamiento de Cabezuela, con la colaboraci\u00f3n de la Asociaci\u00f3n de Mujeres &#8216;Pe\u00f1as Albas&#8217; y Senderistas de Cabezuela del Valle.<\/p>\n<!-- AddThis Advanced Settings generic via filter on the_content --><!-- AddThis Share Buttons generic via filter on the_content -->","protected":false},"excerpt":{"rendered":"<p>El pr\u00f3ximo 23 de abril se celebra una nueva marcha por el Valle del Jerte. Se trata de la ruta\u00a0senderista solidaria &#8216;Lluvia de p\u00e9talos&#8217;, a favor de la Asociaci\u00f3n Ayuda a Valeria. La salida tendr\u00e1 lugar a las 9 de la ma\u00f1ana de la Plaza de Extremadura. La marcha se celebra en Cabezuela del Valle [&hellip;]<!-- AddThis Advanced Settings generic via filter on get_the_excerpt --><!-- AddThis Share Buttons generic via filter on get_the_excerpt --><\/p>\n","protected":false},"author":27,"featured_media":0,"comment_status":"open","ping_status":"closed","sticky":false,"template":"","format":"standard","meta":[],"categories":[3],"tags":[821,830,906,917,1063],"_links":{"self":[{"href":"https:\/\/blogs.hoy.es\/senderosextremadura\/wp-json\/wp\/v2\/posts\/3729"}],"collection":[{"href":"https:\/\/blogs.hoy.es\/senderosextremadura\/wp-json\/wp\/v2\/posts"}],"about":[{"href":"https:\/\/blogs.hoy.es\/senderosextremadura\/wp-json\/wp\/v2\/types\/post"}],"author":[{"embeddable":true,"href":"https:\/\/blogs.hoy.es\/senderosextremadura\/wp-json\/wp\/v2\/users\/27"}],"replies":[{"embeddable":true,"href":"https:\/\/blogs.hoy.es\/senderosextremadura\/wp-json\/wp\/v2\/comments?post=3729"}],"version-history":[{"count":0,"href":"https:\/\/blogs.hoy.es\/senderosextremadura\/wp-json\/wp\/v2\/posts\/3729\/revisions"}],"wp:attachment":[{"href":"https:\/\/blogs.hoy.es\/senderosextremadura\/wp-json\/wp\/v2\/media?parent=3729"}],"wp:term":[{"taxonomy":"category","embeddable":true,"href":"https:\/\/blogs.hoy.es\/senderosextremadura\/wp-json\/wp\/v2\/categories?post=3729"},{"taxonomy":"post_tag","embeddable":true,"href":"https:\/\/blogs.hoy.es\/senderosextremadura\/wp-json\/wp\/v2\/tags?post=3729"}],"curies":[{"name":"wp","href":"https:\/\/api.w.org\/{rel}","templated":true}]}}