{"id":3732,"date":"2016-04-05T06:54:21","date_gmt":"2016-04-05T06:54:21","guid":{"rendered":"http:\/\/blogs.hoy.es\/senderosextremadura\/?p=3732"},"modified":"2016-04-05T06:54:21","modified_gmt":"2016-04-05T06:54:21","slug":"el-bordon-realiza-el-domingo-la-sexta-etapa-hacia-guadalupe","status":"publish","type":"post","link":"https:\/\/blogs.hoy.es\/senderosextremadura\/2016\/04\/05\/el-bordon-realiza-el-domingo-la-sexta-etapa-hacia-guadalupe\/","title":{"rendered":"El Bord\u00f3n realiza el domingo la sexta etapa hacia Guadalupe"},"content":{"rendered":"<p><a href=\"https:\/\/blogs.hoy.es\/senderosextremadura\/\"><img loading=\"lazy\" class=\"aligncenter size-full wp-image-3733\" title=\"\" src=\"\/senderosextremadura\/wp-content\/uploads\/sites\/22\/2016\/04\/guadalupe.jpg\" alt=\"Plaza de Guadalupe, con el Real Monasterio al fondo:: HOY\" width=\"575\" height=\"392\" srcset=\"https:\/\/static-blogs.hoy.es\/wp-content\/uploads\/sites\/22\/2016\/04\/guadalupe.jpg 575w, https:\/\/static-blogs.hoy.es\/wp-content\/uploads\/sites\/22\/2016\/04\/guadalupe-300x205.jpg 300w\" sizes=\"(max-width: 575px) 100vw, 575px\" \/><\/a><\/p>\n<p>Tras el par\u00e9ntesis de Semana Santa y la romer\u00eda del Puerto, la asociaci\u00f3n senderista El Bord\u00f3n de Plasencia retoma el pr\u00f3ximo domingo sus rutas con la sexta etapa hacia Guadalupe.<!--more--><\/p>\n<p>Los participantes, que recorrer\u00e1n 18 kil\u00f3metros, saldr\u00e1n a las siete de la ma\u00f1ana desde el parque placentino de Los Pinos y regresar\u00e1n a media tarde tras alcanzar su destino final esta vez, que es Navezuelas.<\/p>\n<!-- AddThis Advanced Settings generic via filter on the_content --><!-- AddThis Share Buttons generic via filter on the_content -->","protected":false},"excerpt":{"rendered":"<p>Tras el par\u00e9ntesis de Semana Santa y la romer\u00eda del Puerto, la asociaci\u00f3n senderista El Bord\u00f3n de Plasencia retoma el pr\u00f3ximo domingo sus rutas con la sexta etapa hacia Guadalupe.<!-- AddThis Advanced Settings generic via filter on get_the_excerpt --><!-- AddThis Share Buttons generic via filter on get_the_excerpt --><\/p>\n","protected":false},"author":27,"featured_media":0,"comment_status":"open","ping_status":"closed","sticky":false,"template":"","format":"standard","meta":[],"categories":[3],"tags":[272,364,564,821,836,906,1099],"_links":{"self":[{"href":"https:\/\/blogs.hoy.es\/senderosextremadura\/wp-json\/wp\/v2\/posts\/3732"}],"collection":[{"href":"https:\/\/blogs.hoy.es\/senderosextremadura\/wp-json\/wp\/v2\/posts"}],"about":[{"href":"https:\/\/blogs.hoy.es\/senderosextremadura\/wp-json\/wp\/v2\/types\/post"}],"author":[{"embeddable":true,"href":"https:\/\/blogs.hoy.es\/senderosextremadura\/wp-json\/wp\/v2\/users\/27"}],"replies":[{"embeddable":true,"href":"https:\/\/blogs.hoy.es\/senderosextremadura\/wp-json\/wp\/v2\/comments?post=3732"}],"version-history":[{"count":0,"href":"https:\/\/blogs.hoy.es\/senderosextremadura\/wp-json\/wp\/v2\/posts\/3732\/revisions"}],"wp:attachment":[{"href":"https:\/\/blogs.hoy.es\/senderosextremadura\/wp-json\/wp\/v2\/media?parent=3732"}],"wp:term":[{"taxonomy":"category","embeddable":true,"href":"https:\/\/blogs.hoy.es\/senderosextremadura\/wp-json\/wp\/v2\/categories?post=3732"},{"taxonomy":"post_tag","embeddable":true,"href":"https:\/\/blogs.hoy.es\/senderosextremadura\/wp-json\/wp\/v2\/tags?post=3732"}],"curies":[{"name":"wp","href":"https:\/\/api.w.org\/{rel}","templated":true}]}}