{"id":3735,"date":"2016-04-05T08:18:16","date_gmt":"2016-04-05T08:18:16","guid":{"rendered":"http:\/\/blogs.hoy.es\/senderosextremadura\/?p=3735"},"modified":"2016-04-05T08:18:16","modified_gmt":"2016-04-05T08:18:16","slug":"ruta-por-magilla-para-disfrutar-de-la-campina-sur-17-de-abril","status":"publish","type":"post","link":"https:\/\/blogs.hoy.es\/senderosextremadura\/2016\/04\/05\/ruta-por-magilla-para-disfrutar-de-la-campina-sur-17-de-abril\/","title":{"rendered":"Ruta por Maguilla para disfrutar de la Campi\u00f1a Sur (17 de abril)"},"content":{"rendered":"<div id=\"attachment_3737\" style=\"width: 610px\" class=\"wp-caption aligncenter\"><a href=\"https:\/\/blogs.hoy.es\/senderosextremadura\/\"><img aria-describedby=\"caption-attachment-3737\" loading=\"lazy\" class=\"size-large wp-image-3737\" title=\"\" src=\"\/senderosextremadura\/wp-content\/uploads\/sites\/22\/2016\/04\/20140314123800_recortada.png\" alt=\"\" width=\"600\" height=\"197\" srcset=\"https:\/\/static-blogs.hoy.es\/wp-content\/uploads\/sites\/22\/2016\/04\/20140314123800_recortada.png 1488w, https:\/\/static-blogs.hoy.es\/wp-content\/uploads\/sites\/22\/2016\/04\/20140314123800_recortada-300x99.png 300w, https:\/\/static-blogs.hoy.es\/wp-content\/uploads\/sites\/22\/2016\/04\/20140314123800_recortada-768x252.png 768w, https:\/\/static-blogs.hoy.es\/wp-content\/uploads\/sites\/22\/2016\/04\/20140314123800_recortada-600x197.png 600w\" sizes=\"(max-width: 600px) 100vw, 600px\" \/><\/a><p id=\"caption-attachment-3737\" class=\"wp-caption-text\">Paisaje de Maguilla.<\/p><\/div>\n<p>La localidad pacense de Maguilla acoge el domingo 17 de abril una ruta por la localidad. La marcha tendr\u00e1 dos alternativas: una de 11 kil\u00f3metros hasta el cerro de la Golondrina y otra de 20 hasta la cumbre del Chinch\u00edn, uno de los puntos m\u00e1s altos desde los que divisar la Campi\u00f1a Sur.<\/p>\n<p><!--more-->Los caminantes saldr\u00e1n a las 9 de la ma\u00f1ana desde la plaza de la Consituci\u00f3n. \u00a0 La inscripci\u00f3n se puede realizarse personalmente en el Ayuntamiento, hasta el d\u00eda 14 de abril, o a trav\u00e9s de la <a href=\"http:\/\/www.maguilla.es\/plantilla.php?enlace=naturalezaypatrimonio\" target=\"_blank\" rel=\"external nofollow\">p\u00e1gina web del municipio<\/a>. El importe es de tres euros. Al finalizar la ruta se podr\u00e1 degustar una paella.<\/p>\n<!-- AddThis Advanced Settings generic via filter on the_content --><!-- AddThis Share Buttons generic via filter on the_content -->","protected":false},"excerpt":{"rendered":"<p>La localidad pacense de Maguilla acoge el domingo 17 de abril una ruta por la localidad. La marcha tendr\u00e1 dos alternativas: una de 11 kil\u00f3metros hasta el cerro de la Golondrina y otra de 20 hasta la cumbre del Chinch\u00edn, uno de los puntos m\u00e1s altos desde los que divisar la Campi\u00f1a Sur.<!-- AddThis Advanced Settings generic via filter on get_the_excerpt --><!-- AddThis Share Buttons generic via filter on get_the_excerpt --><\/p>\n","protected":false},"author":27,"featured_media":0,"comment_status":"open","ping_status":"closed","sticky":false,"template":"","format":"standard","meta":[],"categories":[3],"tags":[143,200,472,817,836,917],"_links":{"self":[{"href":"https:\/\/blogs.hoy.es\/senderosextremadura\/wp-json\/wp\/v2\/posts\/3735"}],"collection":[{"href":"https:\/\/blogs.hoy.es\/senderosextremadura\/wp-json\/wp\/v2\/posts"}],"about":[{"href":"https:\/\/blogs.hoy.es\/senderosextremadura\/wp-json\/wp\/v2\/types\/post"}],"author":[{"embeddable":true,"href":"https:\/\/blogs.hoy.es\/senderosextremadura\/wp-json\/wp\/v2\/users\/27"}],"replies":[{"embeddable":true,"href":"https:\/\/blogs.hoy.es\/senderosextremadura\/wp-json\/wp\/v2\/comments?post=3735"}],"version-history":[{"count":0,"href":"https:\/\/blogs.hoy.es\/senderosextremadura\/wp-json\/wp\/v2\/posts\/3735\/revisions"}],"wp:attachment":[{"href":"https:\/\/blogs.hoy.es\/senderosextremadura\/wp-json\/wp\/v2\/media?parent=3735"}],"wp:term":[{"taxonomy":"category","embeddable":true,"href":"https:\/\/blogs.hoy.es\/senderosextremadura\/wp-json\/wp\/v2\/categories?post=3735"},{"taxonomy":"post_tag","embeddable":true,"href":"https:\/\/blogs.hoy.es\/senderosextremadura\/wp-json\/wp\/v2\/tags?post=3735"}],"curies":[{"name":"wp","href":"https:\/\/api.w.org\/{rel}","templated":true}]}}